{"id":343852,"date":"2024-12-24T00:00:52","date_gmt":"2024-12-24T03:00:52","guid":{"rendered":"https:\/\/www.notibras.com\/site\/?p=343852"},"modified":"2024-12-24T04:25:24","modified_gmt":"2024-12-24T07:25:24","slug":"capital-se-prepara-para-sediar-os-jogos-da-juventude-em-2025","status":"publish","type":"post","link":"https:\/\/www.notibras.com\/site\/capital-se-prepara-para-sediar-os-jogos-da-juventude-em-2025\/","title":{"rendered":"Capital se prepara para sediar os Jogos da Juventude em 2025"},"content":{"rendered":"<p>Bras\u00edlia est\u00e1 nos ajustes finais para sediar os Jogos da Juventude, marcados para setembro de 2025. A cidade se prepara para receber mais de 4 mil atletas, enquanto as discuss\u00f5es sobre o evento t\u00eam ganhado for\u00e7a ap\u00f3s o Debriefing promovido pelo Comit\u00ea Ol\u00edmpico do Brasil (COB) na \u00faltima semana, no Rio de Janeiro.<\/p>\n<p>As mudan\u00e7as propostas incluem a revis\u00e3o de regulamentos, com a amplia\u00e7\u00e3o do limite de inscri\u00e7\u00f5es no atletismo e ajustes nas provas de \u00e1guas abertas. Al\u00e9m disso, esfor\u00e7os est\u00e3o sendo direcionados para qualificar a arbitragem, elevando o n\u00edvel t\u00e9cnico e alinhando-o ao desenvolvimento dos atletas. Tamb\u00e9m est\u00e1 em discuss\u00e3o a harmoniza\u00e7\u00e3o do calend\u00e1rio esportivo para evitar conflitos com outras competi\u00e7\u00f5es nacionais e internacionais.<\/p>\n<p>Marcelo Magalh\u00e3es, chefe da delega\u00e7\u00e3o do DF, participou da imers\u00e3o no Debriefing e destacou a import\u00e2ncia dos ajustes propostos. \u201cO dia inteiro de aprendizagem foi uma oportunidade para analisarmos o que funcionou nas edi\u00e7\u00f5es anteriores e como podemos melhorar a experi\u00eancia dos atletas. A troca de ideias com outras delega\u00e7\u00f5es e o COB \u00e9 indispens\u00e1vel para que possamos aprimorar nossa organiza\u00e7\u00e3o e fazer de Bras\u00edlia um grande palco para os Jogos da Juventude em 2025\u201d, afirmou.<\/p>\n<p>Com uma infraestrutura em desenvolvimento e grandes expectativas, Bras\u00edlia se prepara para fazer hist\u00f3ria, consolidando-se como um dos principais polos esportivos do pa\u00eds e proporcionando uma experi\u00eancia \u00fanica para os atletas e o p\u00fablico.<\/p>\n<p>A secret\u00e1ria de Educa\u00e7\u00e3o do DF, H\u00e9lvia Paranagu\u00e1, refor\u00e7ou a relev\u00e2ncia dos Jogos da Juventude, organizados em parceria com a Secretaria de Esporte e Lazer, para os estudantes. \u201cCompetir em casa ser\u00e1 uma oportunidade \u00fanica para nossos jovens. Estamos trabalhando para garantir que o evento seja uma incr\u00edvel experi\u00eancia para todos os envolvidos, especialmente para os estudantes da rede p\u00fablica e privada\u201d, disse.<\/p>\n<p>O secret\u00e1rio de Esporte e Lazer do DF, Renato Junqueira, tamb\u00e9m enfatizou o planejamento estrat\u00e9gico na escolha da capital como sede. \u201cA candidatura do DF foi planejada para aproveitar o potencial esportivo da cidade, estimular o turismo e criar novas oportunidades para os jovens. Temos certeza de que essa edi\u00e7\u00e3o ser\u00e1 inesquec\u00edvel\u201d, afirmou.<\/p>\n","protected":false},"excerpt":{"rendered":"<p>Bras\u00edlia est\u00e1 nos ajustes finais para sediar os Jogos da Juventude, marcados para setembro de 2025. A cidade se prepara para receber mais de 4 mil atletas, enquanto as discuss\u00f5es sobre o evento t\u00eam ganhado for\u00e7a ap\u00f3s o Debriefing promovido pelo Comit\u00ea Ol\u00edmpico do Brasil (COB) na \u00faltima semana, no Rio de Janeiro. As mudan\u00e7as [&hellip;]<\/p>\n","protected":false},"author":2,"featured_media":343853,"comment_status":"closed","ping_status":"closed","sticky":false,"template":"","format":"standard","meta":{"_acf_changed":false,"footnotes":""},"categories":[161],"tags":[],"class_list":["post-343852","post","type-post","status-publish","format-standard","has-post-thumbnail","hentry","category-quadradinho-em-foco"],"acf":[],"_links":{"self":[{"href":"https:\/\/www.notibras.com\/site\/wp-json\/wp\/v2\/posts\/343852","targetHints":{"allow":["GET"]}}],"collection":[{"href":"https:\/\/www.notibras.com\/site\/wp-json\/wp\/v2\/posts"}],"about":[{"href":"https:\/\/www.notibras.com\/site\/wp-json\/wp\/v2\/types\/post"}],"author":[{"embeddable":true,"href":"https:\/\/www.notibras.com\/site\/wp-json\/wp\/v2\/users\/2"}],"replies":[{"embeddable":true,"href":"https:\/\/www.notibras.com\/site\/wp-json\/wp\/v2\/comments?post=343852"}],"version-history":[{"count":1,"href":"https:\/\/www.notibras.com\/site\/wp-json\/wp\/v2\/posts\/343852\/revisions"}],"predecessor-version":[{"id":343854,"href":"https:\/\/www.notibras.com\/site\/wp-json\/wp\/v2\/posts\/343852\/revisions\/343854"}],"wp:featuredmedia":[{"embeddable":true,"href":"https:\/\/www.notibras.com\/site\/wp-json\/wp\/v2\/media\/343853"}],"wp:attachment":[{"href":"https:\/\/www.notibras.com\/site\/wp-json\/wp\/v2\/media?parent=343852"}],"wp:term":[{"taxonomy":"category","embeddable":true,"href":"https:\/\/www.notibras.com\/site\/wp-json\/wp\/v2\/categories?post=343852"},{"taxonomy":"post_tag","embeddable":true,"href":"https:\/\/www.notibras.com\/site\/wp-json\/wp\/v2\/tags?post=343852"}],"curies":[{"name":"wp","href":"https:\/\/api.w.org\/{rel}","templated":true}]}}