{"id":343855,"date":"2024-12-24T00:00:55","date_gmt":"2024-12-24T03:00:55","guid":{"rendered":"https:\/\/www.notibras.com\/site\/?p=343855"},"modified":"2024-12-24T04:40:34","modified_gmt":"2024-12-24T07:40:34","slug":"governo-destina-100-milhoes-para-reconstrucao-de-ponte-que-desabou","status":"publish","type":"post","link":"https:\/\/www.notibras.com\/site\/governo-destina-100-milhoes-para-reconstrucao-de-ponte-que-desabou\/","title":{"rendered":"Governo destina 100 milh\u00f5es para reconstru\u00e7\u00e3o de ponte que desabou"},"content":{"rendered":"<p>O ministro dos Transportes, Renan Filho, anunciou a destina\u00e7\u00e3o de mais de R$ 100 milh\u00f5es para as obras de recupera\u00e7\u00e3o e retirada dos escombros da ponte Juscelino Kubitschek de Oliveira, que caiu no domingo (22), na divisa entre os estados do Maranh\u00e3o e Tocantins. O ministro sobrevoou a \u00e1rea do acidente e decretou situa\u00e7\u00e3o de emerg\u00eancia na regi\u00e3o.<\/p>\n<p>\u201cTemos todas as condi\u00e7\u00f5es t\u00e9cnicas para a reconstru\u00e7\u00e3o e os recursos t\u00e9cnicos necess\u00e1rios para a reconstru\u00e7\u00e3o para que se consiga ter esta obra no que concerne n\u00e3o apenas \u00e0 reconstru\u00e7\u00e3o, mas tamb\u00e9m \u00e0 retirada dos escombros, avalia\u00e7\u00e3o dos danos causados, acompanhamento da obra e a execu\u00e7\u00e3o das futuras obras. Iremos reconstruir uma ponte com todos os itens de garantia de seguran\u00e7a\u201d, afirmou.<\/p>\n<p>No domingo, 22, o v\u00e3o central da ponte, com 533 metros de extens\u00e3o, cedeu, derrubando pelo menos 10 ve\u00edculos, dos quais quatro caminh\u00f5es, tr\u00eas ve\u00edculos de passeio e tr\u00eas motocicletas. Segundo a Defesa Civil de Estreito, 16 pessoas est\u00e3o desaparecidas. Uma morreu e outra segue hospitalizada.<\/p>\n<p>Equipes do Departamento Nacional de Infraestrutura de Transportes (Dnit) est\u00e3o avaliando a situa\u00e7\u00e3o e apurando as poss\u00edveis causas para \u201ctomar as medidas necess\u00e1rias\u201d, informou o ministro.<\/p>\n<p>Segundo o ministro, a pasta trabalha para que os recursos sejam liberados ainda este ano. \u201cCom a emerg\u00eancia decretada, queremos contratar a reconstru\u00e7\u00e3o da ponte ainda dentro do exerc\u00edcio de 2024. Isso ser\u00e1 um trabalho de muita resolutividade do minist\u00e9rio\u201d, completou.<\/p>\n","protected":false},"excerpt":{"rendered":"<p>O ministro dos Transportes, Renan Filho, anunciou a destina\u00e7\u00e3o de mais de R$ 100 milh\u00f5es para as obras de recupera\u00e7\u00e3o e retirada dos escombros da ponte Juscelino Kubitschek de Oliveira, que caiu no domingo (22), na divisa entre os estados do Maranh\u00e3o e Tocantins. O ministro sobrevoou a \u00e1rea do acidente e decretou situa\u00e7\u00e3o de [&hellip;]<\/p>\n","protected":false},"author":2,"featured_media":343856,"comment_status":"closed","ping_status":"closed","sticky":false,"template":"","format":"standard","meta":{"_acf_changed":false,"footnotes":""},"categories":[165],"tags":[],"class_list":["post-343855","post","type-post","status-publish","format-standard","has-post-thumbnail","hentry","category-nordeste"],"acf":[],"_links":{"self":[{"href":"https:\/\/www.notibras.com\/site\/wp-json\/wp\/v2\/posts\/343855","targetHints":{"allow":["GET"]}}],"collection":[{"href":"https:\/\/www.notibras.com\/site\/wp-json\/wp\/v2\/posts"}],"about":[{"href":"https:\/\/www.notibras.com\/site\/wp-json\/wp\/v2\/types\/post"}],"author":[{"embeddable":true,"href":"https:\/\/www.notibras.com\/site\/wp-json\/wp\/v2\/users\/2"}],"replies":[{"embeddable":true,"href":"https:\/\/www.notibras.com\/site\/wp-json\/wp\/v2\/comments?post=343855"}],"version-history":[{"count":1,"href":"https:\/\/www.notibras.com\/site\/wp-json\/wp\/v2\/posts\/343855\/revisions"}],"predecessor-version":[{"id":343857,"href":"https:\/\/www.notibras.com\/site\/wp-json\/wp\/v2\/posts\/343855\/revisions\/343857"}],"wp:featuredmedia":[{"embeddable":true,"href":"https:\/\/www.notibras.com\/site\/wp-json\/wp\/v2\/media\/343856"}],"wp:attachment":[{"href":"https:\/\/www.notibras.com\/site\/wp-json\/wp\/v2\/media?parent=343855"}],"wp:term":[{"taxonomy":"category","embeddable":true,"href":"https:\/\/www.notibras.com\/site\/wp-json\/wp\/v2\/categories?post=343855"},{"taxonomy":"post_tag","embeddable":true,"href":"https:\/\/www.notibras.com\/site\/wp-json\/wp\/v2\/tags?post=343855"}],"curies":[{"name":"wp","href":"https:\/\/api.w.org\/{rel}","templated":true}]}}