{"id":343858,"date":"2024-12-24T00:01:06","date_gmt":"2024-12-24T03:01:06","guid":{"rendered":"https:\/\/www.notibras.com\/site\/?p=343858"},"modified":"2024-12-24T04:54:23","modified_gmt":"2024-12-24T07:54:23","slug":"agrotoxico-impede-que-moradores-de-19-cidades-usem-agua-do-tocantins","status":"publish","type":"post","link":"https:\/\/www.notibras.com\/site\/agrotoxico-impede-que-moradores-de-19-cidades-usem-agua-do-tocantins\/","title":{"rendered":"Agrot\u00f3xico impede que moradores de 19 cidades usem \u00e1gua do Tocantins"},"content":{"rendered":"<p>Autoridades do Maranh\u00e3o e do Tocantins lan\u00e7aram um alerta para a popula\u00e7\u00e3o evitar o consumo, utiliza\u00e7\u00e3o e banhos nas \u00e1guas do Rio Tocantins, na regi\u00e3o onde caiu a ponte Juscelino Kubitschek de Oliveira, que liga os dois estados. O v\u00e3o central da ponte, com 533 metros de extens\u00e3o, cedeu, derrubando pelo menos 10 ve\u00edculos, dos quais quatro caminh\u00f5es, tr\u00eas ve\u00edculos de passeio e tr\u00eas motocicletas.<\/p>\n<p>O alerta foi lan\u00e7ado ap\u00f3s a confirma\u00e7\u00e3o da presen\u00e7a de cargas com subst\u00e2ncias perigosas, incluindo defensivos agr\u00edcolas e produtos qu\u00edmicos corrosivos, como \u00e1cido sulf\u00farico.<\/p>\n<p>Segundo as secretarias de estado do Meio Ambiente e Recursos H\u00eddricos (Semarh) e da Defesa Civil Estadual do Tocantins, a Secretaria Estadual de Meio Ambiente do Maranh\u00e3o (Sema) e Prefeitura de Estreito, o alerta se d\u00e1 em raz\u00e3o do \u201calto risco \u00e0 sa\u00fade p\u00fablica e ao meio ambiente devido \u00e0 poss\u00edvel queda de cargas com produtos qu\u00edmicos\u201d.<\/p>\n<p>A recomenda\u00e7\u00e3o \u00e9 para que os moradores dos munic\u00edpios afetados evitem qualquer contato direto com a \u00e1gua do Rio Tocantins no trecho atingido pelo acidente, incluindo banhos e o consumo de \u00e1gua.<\/p>\n<p>A orienta\u00e7\u00e3o \u00e9 destinada, especialmente, \u00e0s popula\u00e7\u00f5es de Aguiarn\u00f3polis, Mauril\u00e2ndia do Tocantins, Tocantin\u00f3polis, S\u00e3o Miguel do Tocantins, Praia Norte, Carrasco Bonito, Sampaio, Itaguatins, S\u00e3o Sebasti\u00e3o do Tocantins e Esperantina, no Tocantins.<\/p>\n<p>J\u00e1 no Maranh\u00e3o, o alerta vale para as cidades de Estreito, Porto Franco, Campestre, Ribamar Fiquene, Governador Edison Lob\u00e3o, Imperatriz, Cidel\u00e2ndia, Vila Nova dos Mart\u00edrios e S\u00e3o Pedro da \u00c1gua Branca.<\/p>\n<p>\u201cEquipes t\u00e9cnicas dos dois estados, em parceria com outros \u00f3rg\u00e3os competentes, est\u00e3o mobilizadas para monitorar a situa\u00e7\u00e3o. Os trabalhos incluem a avalia\u00e7\u00e3o da qualidade da \u00e1gua e poss\u00edveis impactos ambientais, planejamento e execu\u00e7\u00e3o de a\u00e7\u00f5es para conter a contamina\u00e7\u00e3o do rio e opera\u00e7\u00f5es para a remo\u00e7\u00e3o dos ve\u00edculos submersos\u201d, informou o governo do Tocantins.<\/p>\n<p>A situa\u00e7\u00e3o fez com que a Companhia de Saneamento Ambiental do Maranh\u00e3o (Caema) determinasse a paralisa\u00e7\u00e3o tempor\u00e1ria dos sistemas de capta\u00e7\u00e3o, tratamento e produ\u00e7\u00e3o de \u00e1gua em Imperatriz, distante pouco mais de 120 km de Estreito.<\/p>\n<p>A empresa pediu \u00e0 popula\u00e7\u00e3o que economize \u00e1gua at\u00e9 que a situa\u00e7\u00e3o seja normalizada. Segundo o governo do Maranh\u00e3o, a Caema enviar\u00e1 caminh\u00f5es-pipa para os locais afetados, que fornecer\u00e3o \u00e1gua em locais p\u00fablicos, como: unidades de sa\u00fade e delegacia.<\/p>\n<p>A poss\u00edvel contamina\u00e7\u00e3o tamb\u00e9m foi respons\u00e1vel pela suspens\u00e3o das buscas aos desaparecidos. Segundo a Defesa Civil de Estreito, at\u00e9 o momento 16 pessoas est\u00e3o desaparecidas. Uma morreu e uma segue hospitalizada.<\/p>\n<p>Agentes do Instituto Brasileiro do Meio Ambiente e dos Recursos Naturais Renov\u00e1veis (Ibama) e do Instituto Chico Mendes de Conserva\u00e7\u00e3o da Biodiversidade (ICMBio) est\u00e3o na regi\u00e3o para verificar a situa\u00e7\u00e3o da qualidade da \u00e1gua e tamb\u00e9m impactos sobre a flora e fauna locais, a exemplo da poss\u00edvel contamina\u00e7\u00e3o de peixes.<\/p>\n","protected":false},"excerpt":{"rendered":"<p>Autoridades do Maranh\u00e3o e do Tocantins lan\u00e7aram um alerta para a popula\u00e7\u00e3o evitar o consumo, utiliza\u00e7\u00e3o e banhos nas \u00e1guas do Rio Tocantins, na regi\u00e3o onde caiu a ponte Juscelino Kubitschek de Oliveira, que liga os dois estados. O v\u00e3o central da ponte, com 533 metros de extens\u00e3o, cedeu, derrubando pelo menos 10 ve\u00edculos, dos [&hellip;]<\/p>\n","protected":false},"author":2,"featured_media":343859,"comment_status":"closed","ping_status":"closed","sticky":false,"template":"","format":"standard","meta":{"_acf_changed":false,"footnotes":""},"categories":[165],"tags":[],"class_list":["post-343858","post","type-post","status-publish","format-standard","has-post-thumbnail","hentry","category-nordeste"],"acf":[],"_links":{"self":[{"href":"https:\/\/www.notibras.com\/site\/wp-json\/wp\/v2\/posts\/343858","targetHints":{"allow":["GET"]}}],"collection":[{"href":"https:\/\/www.notibras.com\/site\/wp-json\/wp\/v2\/posts"}],"about":[{"href":"https:\/\/www.notibras.com\/site\/wp-json\/wp\/v2\/types\/post"}],"author":[{"embeddable":true,"href":"https:\/\/www.notibras.com\/site\/wp-json\/wp\/v2\/users\/2"}],"replies":[{"embeddable":true,"href":"https:\/\/www.notibras.com\/site\/wp-json\/wp\/v2\/comments?post=343858"}],"version-history":[{"count":2,"href":"https:\/\/www.notibras.com\/site\/wp-json\/wp\/v2\/posts\/343858\/revisions"}],"predecessor-version":[{"id":343861,"href":"https:\/\/www.notibras.com\/site\/wp-json\/wp\/v2\/posts\/343858\/revisions\/343861"}],"wp:featuredmedia":[{"embeddable":true,"href":"https:\/\/www.notibras.com\/site\/wp-json\/wp\/v2\/media\/343859"}],"wp:attachment":[{"href":"https:\/\/www.notibras.com\/site\/wp-json\/wp\/v2\/media?parent=343858"}],"wp:term":[{"taxonomy":"category","embeddable":true,"href":"https:\/\/www.notibras.com\/site\/wp-json\/wp\/v2\/categories?post=343858"},{"taxonomy":"post_tag","embeddable":true,"href":"https:\/\/www.notibras.com\/site\/wp-json\/wp\/v2\/tags?post=343858"}],"curies":[{"name":"wp","href":"https:\/\/api.w.org\/{rel}","templated":true}]}}