{"id":343862,"date":"2024-12-24T00:09:12","date_gmt":"2024-12-24T03:09:12","guid":{"rendered":"https:\/\/www.notibras.com\/site\/?p=343862"},"modified":"2024-12-24T05:05:18","modified_gmt":"2024-12-24T08:05:18","slug":"ponte-sem-manutencao-mata-no-maranhao-e-tocantins-ficara-por-isso-mesmo","status":"publish","type":"post","link":"https:\/\/www.notibras.com\/site\/ponte-sem-manutencao-mata-no-maranhao-e-tocantins-ficara-por-isso-mesmo\/","title":{"rendered":"Ponte sem manuten\u00e7\u00e3o mata no Maranh\u00e3o e Tocantins&#8230; ficar\u00e1 por isso mesmo?"},"content":{"rendered":"<p>N\u00e3o foi um domingo como outro qualquer na regi\u00e3o que liga o Maranh\u00e3o e o Tocantins. A ponte sobre o rio Tocantins, que h\u00e1 d\u00e9cadas simbolizava a conex\u00e3o entre estados e pessoas, tornou-se palco de uma trag\u00e9dia que escancarou a neglig\u00eancia com a infraestrutura do pa\u00eds. Sem aviso, ela cedeu. A estrutura, antes desgastada pelo tempo e ignorada pelos respons\u00e1veis, transformou-se em escombros e causou a morte de inocentes.<\/p>\n<p>N\u00e3o foi um desastre natural. N\u00e3o houve tempestades ou terremotos que justificassem o colapso. Foi o descaso. Durante anos, moradores e especialistas alertaram sobre o estado cr\u00edtico da ponte. Buracos, ferragens expostas, rachaduras evidentes \u2013 sinais de que o tempo cobrava seu pre\u00e7o. E, ainda assim, o sil\u00eancio das autoridades ecoava mais alto que os gritos de socorro da popula\u00e7\u00e3o.<\/p>\n<p>Manuten\u00e7\u00e3o \u00e9 um conceito que parece n\u00e3o encontrar espa\u00e7o nos or\u00e7amentos p\u00fablicos. Investir em consertos e inspe\u00e7\u00f5es parece menos atraente do que inaugurar novas obras. Uma ponte nova rende manchetes, discursos e votos. J\u00e1 a manuten\u00e7\u00e3o de uma antiga, apesar de salvar vidas, \u00e9 invis\u00edvel e silenciosa.<\/p>\n<p>As vidas perdidas no desabamento n\u00e3o podem ser quantificadas em n\u00fameros ou medidas financeiras. S\u00e3o hist\u00f3rias interrompidas, fam\u00edlias desfeitas, sonhos que nunca se realizar\u00e3o. Cada um que caiu com aquela ponte \u00e9 um lembrete cruel de que a neglig\u00eancia tem um pre\u00e7o alto demais.<\/p>\n<p>E agora? Ap\u00f3s a trag\u00e9dia, surgem as promessas. \u201cVamos investigar.\u201d \u201cN\u00e3o pouparemos esfor\u00e7os.\u201d \u201cOs culpados ser\u00e3o responsabilizados.\u201d Palavras que soam ocas, repetidas em tantas trag\u00e9dias anteriores. O ciclo se renova: indigna\u00e7\u00e3o moment\u00e2nea, como\u00e7\u00e3o p\u00fablica e, depois, esquecimento.<\/p>\n<p>Mas esquecer n\u00e3o \u00e9 uma op\u00e7\u00e3o. O desmoronamento da ponte \u00e9 um s\u00edmbolo de um problema muito maior que atravessa o pa\u00eds: a neglig\u00eancia com vidas humanas. \u00c9 hora de exigir mais do que promessas. \u00c9 hora de cobrar a\u00e7\u00f5es concretas, de fiscalizar, de lembrar que manuten\u00e7\u00e3o \u00e9 investimento em seguran\u00e7a e dignidade.<\/p>\n<p>Se nada mudar, outras pontes cair\u00e3o. Outras vidas ser\u00e3o perdidas. E o descaso continuar\u00e1 matando. Que esta trag\u00e9dia n\u00e3o seja apenas mais uma nas estat\u00edsticas, mas um marco para que o Brasil finalmente comece a cuidar de suas estruturas \u2013 e de suas pessoas.<\/p>\n","protected":false},"excerpt":{"rendered":"<p>N\u00e3o foi um domingo como outro qualquer na regi\u00e3o que liga o Maranh\u00e3o e o Tocantins. A ponte sobre o rio Tocantins, que h\u00e1 d\u00e9cadas simbolizava a conex\u00e3o entre estados e pessoas, tornou-se palco de uma trag\u00e9dia que escancarou a neglig\u00eancia com a infraestrutura do pa\u00eds. Sem aviso, ela cedeu. A estrutura, antes desgastada pelo [&hellip;]<\/p>\n","protected":false},"author":2,"featured_media":343863,"comment_status":"closed","ping_status":"closed","sticky":false,"template":"","format":"standard","meta":{"_acf_changed":false,"footnotes":""},"categories":[165],"tags":[],"class_list":["post-343862","post","type-post","status-publish","format-standard","has-post-thumbnail","hentry","category-nordeste"],"acf":[],"_links":{"self":[{"href":"https:\/\/www.notibras.com\/site\/wp-json\/wp\/v2\/posts\/343862","targetHints":{"allow":["GET"]}}],"collection":[{"href":"https:\/\/www.notibras.com\/site\/wp-json\/wp\/v2\/posts"}],"about":[{"href":"https:\/\/www.notibras.com\/site\/wp-json\/wp\/v2\/types\/post"}],"author":[{"embeddable":true,"href":"https:\/\/www.notibras.com\/site\/wp-json\/wp\/v2\/users\/2"}],"replies":[{"embeddable":true,"href":"https:\/\/www.notibras.com\/site\/wp-json\/wp\/v2\/comments?post=343862"}],"version-history":[{"count":1,"href":"https:\/\/www.notibras.com\/site\/wp-json\/wp\/v2\/posts\/343862\/revisions"}],"predecessor-version":[{"id":343864,"href":"https:\/\/www.notibras.com\/site\/wp-json\/wp\/v2\/posts\/343862\/revisions\/343864"}],"wp:featuredmedia":[{"embeddable":true,"href":"https:\/\/www.notibras.com\/site\/wp-json\/wp\/v2\/media\/343863"}],"wp:attachment":[{"href":"https:\/\/www.notibras.com\/site\/wp-json\/wp\/v2\/media?parent=343862"}],"wp:term":[{"taxonomy":"category","embeddable":true,"href":"https:\/\/www.notibras.com\/site\/wp-json\/wp\/v2\/categories?post=343862"},{"taxonomy":"post_tag","embeddable":true,"href":"https:\/\/www.notibras.com\/site\/wp-json\/wp\/v2\/tags?post=343862"}],"curies":[{"name":"wp","href":"https:\/\/api.w.org\/{rel}","templated":true}]}}