{"id":343918,"date":"2024-12-25T07:32:01","date_gmt":"2024-12-25T10:32:01","guid":{"rendered":"https:\/\/www.notibras.com\/site\/?p=343918"},"modified":"2024-12-25T07:32:01","modified_gmt":"2024-12-25T10:32:01","slug":"cansado-da-esplanada-jonas-pede-aposentadoria-e-parte-para-a-praia","status":"publish","type":"post","link":"https:\/\/www.notibras.com\/site\/cansado-da-esplanada-jonas-pede-aposentadoria-e-parte-para-a-praia\/","title":{"rendered":"Cansado da Esplanada, Jonas pede aposentadoria e parte para a praia"},"content":{"rendered":"<p>Ando desapegado de tudo. Ali\u00e1s, tudo \u00e9 muita coisa. Diria que a vaidade n\u00e3o reside h\u00e1 tempos por aqui e, assim que ela foi desalojada, carregou certezas que me acompanharam por d\u00e9cadas.<\/p>\n<p>Aos 23 anos, entrei no servi\u00e7o p\u00fablico, onde permaneci por quase 40 anos. N\u00e3o que eu n\u00e3o pudesse me aposentar antes, mas levei muito tempo para perceber que havia me tornado escravo do dinheiro. E, por mais que eu ganhasse por conta das horas extras, mais e mais me embrenhava em d\u00edvidas decorrentes de compras desnecess\u00e1rias. F\u00fateis, na verdade, j\u00e1 que consumia sem sentir nada al\u00e9m do que prazeres ef\u00eameros.<\/p>\n<p>Decidido, acordei naquela segunda-feira e fui direto ao RH.<\/p>\n<p>\u2014 Cansei.<\/p>\n<p>\u2014 Como assim, Jonas?<\/p>\n<p>\u2014 Quero me aposentar.<\/p>\n<p>\u2014 Mas voc\u00ea \u00e9 t\u00e3o novo.<\/p>\n<p>\u2014 Novo? Novo pra qu\u00ea?<\/p>\n<p>\u2014 Pra deixar de trabalhar.<\/p>\n<p>N\u00e3o quis prolongar aquela discuss\u00e3o sem sentido e, ent\u00e3o, assinei toda papelada para, finalmente, buscar as minhas import\u00e2ncias. Se fiquei com medo? Um pouco, mas a liberdade assusta, ainda mais para quem estava acostumado a grades.<\/p>\n<p>Meu velho carro est\u00e1 encostado na garagem. Sei que ainda funciona, mas deixou de se encaixar no estilo de vida que adotei. N\u00e3o pense voc\u00ea que pretendo comprar um modelo novo. Talvez uma bicicleta ou, ent\u00e3o, continuarei a minha jornada a p\u00e9.<\/p>\n<p>N\u00e3o desejo badala\u00e7\u00f5es, n\u00e3o sou afeito a extravag\u00e2ncias, que parecem fetiches de tanta gente. Quero apenas uma cadeira confort\u00e1vel para que eu possa me sentar diante do mar enquanto leio mais um livro. Se a cadeira me faltar, n\u00e3o tem problema, sento na areia.<\/p>\n<p>&#8230;&#8230;&#8230;&#8230;&#8230;&#8230;&#8230;&#8230;&#8230;&#8230;.<\/p>\n<div>*<strong>Eduardo Mart\u00ednez \u00e9 autor do livro \u201c57 Contos e Cr\u00f4nicas por um Autor muito Velho\u201d.<\/strong><\/div>\n<div>\n<div class=\"mvp-post-soc-in\">\n<div id=\"mvp-content-body\" class=\"left relative\">\n<div id=\"mvp-content-body-top\" class=\"left relative\">\n<div id=\"mvp-content-main\" class=\"left relative\">\n<p>Compre aqui\u00a0<span class=\"x19la9d6 x1fc57z9 x6ikm8r x10wlt62 x19co3pv x1g5zs5t xfibh0p xiy17q3 x1xsqp64 x1lkfr7t xexx8yu x4uap5 x18d9i69 xkhd6sd\"><span class=\"xrtxmta x1bhl96m\"><img decoding=\"async\" class=\"emoji\" role=\"img\" draggable=\"false\" src=\"https:\/\/s.w.org\/images\/core\/emoji\/14.0.0\/svg\/1f447-1f3ff.svg\" alt=\"&#x1f447;&#x1f3ff;\" \/><\/span><\/span><span class=\"x19la9d6 x1fc57z9 x6ikm8r x10wlt62 x19co3pv x1g5zs5t xfibh0p xiy17q3 x1xsqp64 x1lkfr7t xexx8yu x4uap5 x18d9i69 xkhd6sd\"><span class=\"xrtxmta x1bhl96m\"><img decoding=\"async\" class=\"emoji\" role=\"img\" draggable=\"false\" src=\"https:\/\/s.w.org\/images\/core\/emoji\/14.0.0\/svg\/1f447-1f3ff.svg\" alt=\"&#x1f447;&#x1f3ff;\" \/><\/span><\/span><span class=\"x19la9d6 x1fc57z9 x6ikm8r x10wlt62 x19co3pv x1g5zs5t xfibh0p xiy17q3 x1xsqp64 x1lkfr7t xexx8yu x4uap5 x18d9i69 xkhd6sd\"><span class=\"xrtxmta x1bhl96m\"><img decoding=\"async\" class=\"emoji\" role=\"img\" draggable=\"false\" src=\"https:\/\/s.w.org\/images\/core\/emoji\/14.0.0\/svg\/1f447-1f3ff.svg\" alt=\"&#x1f447;&#x1f3ff;\" \/><\/span><\/span><\/p>\n<p><a href=\"http:\/\/www.joanineditora.com.br\/57-contos-e-cronicas-por-um-autor-muito-velho\">http:\/\/www.joanineditora.com.br\/57-contos-e-cronicas-por-um-autor-muito-velho<\/a><\/p>\n<\/div>\n<\/div>\n<\/div>\n<\/div>\n<\/div>\n","protected":false},"excerpt":{"rendered":"<p>Ando desapegado de tudo. Ali\u00e1s, tudo \u00e9 muita coisa. Diria que a vaidade n\u00e3o reside h\u00e1 tempos por aqui e, assim que ela foi desalojada, carregou certezas que me acompanharam por d\u00e9cadas. Aos 23 anos, entrei no servi\u00e7o p\u00fablico, onde permaneci por quase 40 anos. N\u00e3o que eu n\u00e3o pudesse me aposentar antes, mas levei [&hellip;]<\/p>\n","protected":false},"author":2,"featured_media":343919,"comment_status":"closed","ping_status":"closed","sticky":false,"template":"","format":"standard","meta":{"_acf_changed":false,"footnotes":""},"categories":[161],"tags":[],"class_list":["post-343918","post","type-post","status-publish","format-standard","has-post-thumbnail","hentry","category-quadradinho-em-foco"],"acf":[],"_links":{"self":[{"href":"https:\/\/www.notibras.com\/site\/wp-json\/wp\/v2\/posts\/343918","targetHints":{"allow":["GET"]}}],"collection":[{"href":"https:\/\/www.notibras.com\/site\/wp-json\/wp\/v2\/posts"}],"about":[{"href":"https:\/\/www.notibras.com\/site\/wp-json\/wp\/v2\/types\/post"}],"author":[{"embeddable":true,"href":"https:\/\/www.notibras.com\/site\/wp-json\/wp\/v2\/users\/2"}],"replies":[{"embeddable":true,"href":"https:\/\/www.notibras.com\/site\/wp-json\/wp\/v2\/comments?post=343918"}],"version-history":[{"count":1,"href":"https:\/\/www.notibras.com\/site\/wp-json\/wp\/v2\/posts\/343918\/revisions"}],"predecessor-version":[{"id":343920,"href":"https:\/\/www.notibras.com\/site\/wp-json\/wp\/v2\/posts\/343918\/revisions\/343920"}],"wp:featuredmedia":[{"embeddable":true,"href":"https:\/\/www.notibras.com\/site\/wp-json\/wp\/v2\/media\/343919"}],"wp:attachment":[{"href":"https:\/\/www.notibras.com\/site\/wp-json\/wp\/v2\/media?parent=343918"}],"wp:term":[{"taxonomy":"category","embeddable":true,"href":"https:\/\/www.notibras.com\/site\/wp-json\/wp\/v2\/categories?post=343918"},{"taxonomy":"post_tag","embeddable":true,"href":"https:\/\/www.notibras.com\/site\/wp-json\/wp\/v2\/tags?post=343918"}],"curies":[{"name":"wp","href":"https:\/\/api.w.org\/{rel}","templated":true}]}}