{"id":343921,"date":"2024-12-25T00:00:00","date_gmt":"2024-12-25T03:00:00","guid":{"rendered":"https:\/\/www.notibras.com\/site\/?p=343921"},"modified":"2024-12-25T07:39:46","modified_gmt":"2024-12-25T10:39:46","slug":"arniqueira-vai-ganhar-uma-nova-sede-do-conselho-tutelar","status":"publish","type":"post","link":"https:\/\/www.notibras.com\/site\/arniqueira-vai-ganhar-uma-nova-sede-do-conselho-tutelar\/","title":{"rendered":"Arniqueira vai ganhar uma nova sede do Conselho Tutelar"},"content":{"rendered":"<p>A Secretaria de Justi\u00e7a e Cidadania publicou no Di\u00e1rio Oficial do Distrito Federal o extrato do contrato de loca\u00e7\u00e3o do novo im\u00f3vel do Conselho Tutelar de Arniqueira, localizado na \u00c1rea de Desenvolvimento Econ\u00f4mico da cidade.<\/p>\n<p>A nova sede ter\u00e1 um espa\u00e7o mais amplo, confort\u00e1vel e acess\u00edvel, uma vez que, atualmente, ela est\u00e1 instalada em uma \u00e1rea comercial pr\u00f3ximo a oficinas e madeireiras que fazem muito barulho. Pelo extrato, o valor do contrato de loca\u00e7\u00e3o ser\u00e1 de R$ 324 mil para o per\u00edodo de 24 meses, podendo ser prorrogado sucessivamente.<\/p>\n<p>\u201cEsse \u00e9 o primeiro passo para a instala\u00e7\u00e3o dessa nova unidade de Conselho Tutelar em Arniqueira. O nosso objetivo \u00e9 oferecer aos conselheiros, servidores e, principalmente, \u00e0s nossas crian\u00e7as e adolescentes o melhor espa\u00e7o poss\u00edvel para um atendimento de qualidade e eficiente\u201d, defendeu a secret\u00e1ria da Sejus, Marcela Passamani.<\/p>\n<p><strong>Garantia de direitos<\/strong><br \/>\nAs unidades do Conselho Tutelar existem em todo o pa\u00eds e foram criadas pelo Estatuto da Crian\u00e7a e do Adolescente (ECA) como \u00f3rg\u00e3os aut\u00f4nomos, permanentes e n\u00e3o jurisdicionais, que integram a administra\u00e7\u00e3o p\u00fablica local. No caso do Distrito Federal, s\u00e3o vinculados administrativamente \u00e0 Sejus-DF, pasta com a atribui\u00e7\u00e3o de promover pol\u00edticas p\u00fablicas para crian\u00e7as e adolescentes no DF.<\/p>\n<p>Eleitos pelos cidad\u00e3os, os conselheiros t\u00eam a miss\u00e3o de garantir que as crian\u00e7as e adolescentes tenham todos os seus direitos respeitados e s\u00e3o respons\u00e1veis, por exemplo, por receber den\u00fancias de situa\u00e7\u00f5es de viol\u00eancia, como neglig\u00eancia, maus-tratos e explora\u00e7\u00e3o sexual.<\/p>\n<p>As unidades em funcionamento est\u00e3o localizadas em \u00c1guas Claras, Arniqueira, Plano Piloto, Candangol\u00e2ndia, Ceil\u00e2ndia, Cruzeiro, Estrutural, Fercal, Gama, Guar\u00e1, Itapo\u00e3, Jardim Bot\u00e2nico, Lago Norte, Lago Sul, N\u00facleo Bandeirante, Parano\u00e1, Park Way, Planaltina, Recanto das Emas, Riacho Fundo, Riacho Fundo II, Samambaia, Santa Maria, S\u00e3o Sebasti\u00e3o, SIA, Sobradinho, Sobradinho II, Sol Nascente\/P\u00f4r do Sol, Sudoeste\/Octogonal, Taguatinga, Varj\u00e3o e Vicente Pires.<\/p>\n","protected":false},"excerpt":{"rendered":"<p>A Secretaria de Justi\u00e7a e Cidadania publicou no Di\u00e1rio Oficial do Distrito Federal o extrato do contrato de loca\u00e7\u00e3o do novo im\u00f3vel do Conselho Tutelar de Arniqueira, localizado na \u00c1rea de Desenvolvimento Econ\u00f4mico da cidade. A nova sede ter\u00e1 um espa\u00e7o mais amplo, confort\u00e1vel e acess\u00edvel, uma vez que, atualmente, ela est\u00e1 instalada em uma [&hellip;]<\/p>\n","protected":false},"author":2,"featured_media":343922,"comment_status":"closed","ping_status":"closed","sticky":false,"template":"","format":"standard","meta":{"_acf_changed":false,"footnotes":""},"categories":[161],"tags":[],"class_list":["post-343921","post","type-post","status-publish","format-standard","has-post-thumbnail","hentry","category-quadradinho-em-foco"],"acf":[],"_links":{"self":[{"href":"https:\/\/www.notibras.com\/site\/wp-json\/wp\/v2\/posts\/343921","targetHints":{"allow":["GET"]}}],"collection":[{"href":"https:\/\/www.notibras.com\/site\/wp-json\/wp\/v2\/posts"}],"about":[{"href":"https:\/\/www.notibras.com\/site\/wp-json\/wp\/v2\/types\/post"}],"author":[{"embeddable":true,"href":"https:\/\/www.notibras.com\/site\/wp-json\/wp\/v2\/users\/2"}],"replies":[{"embeddable":true,"href":"https:\/\/www.notibras.com\/site\/wp-json\/wp\/v2\/comments?post=343921"}],"version-history":[{"count":1,"href":"https:\/\/www.notibras.com\/site\/wp-json\/wp\/v2\/posts\/343921\/revisions"}],"predecessor-version":[{"id":343923,"href":"https:\/\/www.notibras.com\/site\/wp-json\/wp\/v2\/posts\/343921\/revisions\/343923"}],"wp:featuredmedia":[{"embeddable":true,"href":"https:\/\/www.notibras.com\/site\/wp-json\/wp\/v2\/media\/343922"}],"wp:attachment":[{"href":"https:\/\/www.notibras.com\/site\/wp-json\/wp\/v2\/media?parent=343921"}],"wp:term":[{"taxonomy":"category","embeddable":true,"href":"https:\/\/www.notibras.com\/site\/wp-json\/wp\/v2\/categories?post=343921"},{"taxonomy":"post_tag","embeddable":true,"href":"https:\/\/www.notibras.com\/site\/wp-json\/wp\/v2\/tags?post=343921"}],"curies":[{"name":"wp","href":"https:\/\/api.w.org\/{rel}","templated":true}]}}