{"id":343924,"date":"2024-12-25T00:00:03","date_gmt":"2024-12-25T03:00:03","guid":{"rendered":"https:\/\/www.notibras.com\/site\/?p=343924"},"modified":"2024-12-25T07:45:27","modified_gmt":"2024-12-25T10:45:27","slug":"iniciativa-mulheres-caliandras-capacita-e-empodera-mulheres","status":"publish","type":"post","link":"https:\/\/www.notibras.com\/site\/iniciativa-mulheres-caliandras-capacita-e-empodera-mulheres\/","title":{"rendered":"Iniciativa Mulheres Caliandras capacita e empodera mulheres"},"content":{"rendered":"<p>J\u00e1 est\u00e1 publicado no Di\u00e1rio Oficial do DF o termo de fomento 22\/2024, que oficializa o in\u00edcio do Projeto Mulheres Caliandras, uma iniciativa que promete transformar a vida de mulheres rurais no Distrito Federal. Em parceria entre a Secretaria da Mulher e a Associa\u00e7\u00e3o Transforma Vidas, A\u00e7\u00f5es Sociais e Humanit\u00e1rias, o projeto visa capacitar 440 mulheres das regi\u00f5es de Samambaia, Brazl\u00e2ndia e Gama. As aulas come\u00e7am em 25 de janeiro de 2025 e seguir\u00e3o at\u00e9 27 de setembro de 2025.<\/p>\n<p>Com dura\u00e7\u00e3o de nove meses, o curso abordar\u00e1 temas fundamentais para a valoriza\u00e7\u00e3o das mulheres no campo, como preconceito e discrimina\u00e7\u00e3o nas atividades rurais, a capacidade feminina nas rela\u00e7\u00f5es interpessoais, viol\u00eancia contra as mulheres no campo, o papel da mulher no campo e na cidade, al\u00e9m de t\u00f3picos como empregabilidade, empreendedorismo e t\u00e9cnicas sustent\u00e1veis de gastronomia.<\/p>\n<p>A secret\u00e1ria da Mulher, Giselle Ferreira, ressaltou que a proposta tem como objetivo promover a igualdade de g\u00eanero, o empoderamento feminino e a inclus\u00e3o social. \u201cO Mulheres Caliandras \u00e9 mais do que um programa de capacita\u00e7\u00e3o, \u00e9 uma oportunidade de empoderamento e transforma\u00e7\u00e3o para mulheres que vivem em situa\u00e7\u00f5es de vulnerabilidade social. Nosso objetivo \u00e9 oferecer as ferramentas necess\u00e1rias para que essas mulheres possam se tornar protagonistas da pr\u00f3pria hist\u00f3ria\u201d, destacou.<\/p>\n<p>Al\u00e9m de capacitar, o Mulheres Caliandras garantir\u00e1 alimenta\u00e7\u00e3o e transporte para as participantes durante todo o curso, possibilitando maior acesso e inclus\u00e3o. A Associa\u00e7\u00e3o Transforma Vidas refor\u00e7a seu compromisso com a luta contra preconceitos, promovendo um futuro mais justo e igualit\u00e1rio por meio de suas a\u00e7\u00f5es.<\/p>\n<p>A import\u00e2ncia da iniciativa \u00e9 ainda mais evidente diante dos dados da Funda\u00e7\u00e3o Get\u00falio Vargas, que apontam um crescimento da presen\u00e7a feminina no agroneg\u00f3cio brasileiro. Atualmente, as mulheres ocupam 34% dos cargos gerenciais nesse setor, o que representa mais de 1 milh\u00e3o de mulheres comandando mais de 30 milh\u00f5es de hectares no pa\u00eds. Para que esse protagonismo continue a crescer, \u00e9 fundamental investir na qualifica\u00e7\u00e3o e no enfrentamento das barreiras que ainda existem.<\/p>\n<p>As mulheres interessadas podem se inscrever, a partir do dia 28 de dezembro, por meio do site do projeto. Ao dar voz e forma\u00e7\u00e3o a essas mulheres, o Mulheres Caliandras n\u00e3o apenas as capacita para o mercado de trabalho, mas tamb\u00e9m as coloca como agentes de transforma\u00e7\u00e3o em suas comunidades, contribuindo para uma mudan\u00e7a social profunda e duradoura.<\/p>\n","protected":false},"excerpt":{"rendered":"<p>J\u00e1 est\u00e1 publicado no Di\u00e1rio Oficial do DF o termo de fomento 22\/2024, que oficializa o in\u00edcio do Projeto Mulheres Caliandras, uma iniciativa que promete transformar a vida de mulheres rurais no Distrito Federal. Em parceria entre a Secretaria da Mulher e a Associa\u00e7\u00e3o Transforma Vidas, A\u00e7\u00f5es Sociais e Humanit\u00e1rias, o projeto visa capacitar 440 [&hellip;]<\/p>\n","protected":false},"author":2,"featured_media":343925,"comment_status":"closed","ping_status":"closed","sticky":false,"template":"","format":"standard","meta":{"_acf_changed":false,"footnotes":""},"categories":[161],"tags":[],"class_list":["post-343924","post","type-post","status-publish","format-standard","has-post-thumbnail","hentry","category-quadradinho-em-foco"],"acf":[],"_links":{"self":[{"href":"https:\/\/www.notibras.com\/site\/wp-json\/wp\/v2\/posts\/343924","targetHints":{"allow":["GET"]}}],"collection":[{"href":"https:\/\/www.notibras.com\/site\/wp-json\/wp\/v2\/posts"}],"about":[{"href":"https:\/\/www.notibras.com\/site\/wp-json\/wp\/v2\/types\/post"}],"author":[{"embeddable":true,"href":"https:\/\/www.notibras.com\/site\/wp-json\/wp\/v2\/users\/2"}],"replies":[{"embeddable":true,"href":"https:\/\/www.notibras.com\/site\/wp-json\/wp\/v2\/comments?post=343924"}],"version-history":[{"count":1,"href":"https:\/\/www.notibras.com\/site\/wp-json\/wp\/v2\/posts\/343924\/revisions"}],"predecessor-version":[{"id":343926,"href":"https:\/\/www.notibras.com\/site\/wp-json\/wp\/v2\/posts\/343924\/revisions\/343926"}],"wp:featuredmedia":[{"embeddable":true,"href":"https:\/\/www.notibras.com\/site\/wp-json\/wp\/v2\/media\/343925"}],"wp:attachment":[{"href":"https:\/\/www.notibras.com\/site\/wp-json\/wp\/v2\/media?parent=343924"}],"wp:term":[{"taxonomy":"category","embeddable":true,"href":"https:\/\/www.notibras.com\/site\/wp-json\/wp\/v2\/categories?post=343924"},{"taxonomy":"post_tag","embeddable":true,"href":"https:\/\/www.notibras.com\/site\/wp-json\/wp\/v2\/tags?post=343924"}],"curies":[{"name":"wp","href":"https:\/\/api.w.org\/{rel}","templated":true}]}}