{"id":343927,"date":"2024-12-25T00:00:24","date_gmt":"2024-12-25T03:00:24","guid":{"rendered":"https:\/\/www.notibras.com\/site\/?p=343927"},"modified":"2024-12-25T07:50:44","modified_gmt":"2024-12-25T10:50:44","slug":"emergencia-zoossanitaria-e-prorrogada-para-prevenir-influenza-aviaria","status":"publish","type":"post","link":"https:\/\/www.notibras.com\/site\/emergencia-zoossanitaria-e-prorrogada-para-prevenir-influenza-aviaria\/","title":{"rendered":"Emerg\u00eancia zoossanit\u00e1ria \u00e9 prorrogada para prevenir influenza avi\u00e1ria"},"content":{"rendered":"<p>O governador Ibaneis Rocha prorrogou por 450 dias o estado de emerg\u00eancia zoossanit\u00e1ria, declarado inicialmente em agosto de 2023, como medida de preven\u00e7\u00e3o \u00e0 influenza avi\u00e1ria. O decreto refor\u00e7a as a\u00e7\u00f5es de vigil\u00e2ncia e controle no enfrentamento da doen\u00e7a, que representa riscos tanto \u00e0 sa\u00fade p\u00fablica quanto \u00e0 economia av\u00edcola.<\/p>\n<p>A influenza avi\u00e1ria \u00e9 uma doen\u00e7a viral altamente contagiosa que afeta aves dom\u00e9sticas e silvestres. Embora seja mais comum entre as aves, em casos raros, o v\u00edrus pode infectar seres humanos que tenham contato direto com aves infectadas ou superf\u00edcies contaminadas, causando sintomas que variam de febre e tosse a complica\u00e7\u00f5es graves, como dificuldades respirat\u00f3rias e at\u00e9 \u00f3bito.<\/p>\n<p>At\u00e9 o momento, n\u00e3o h\u00e1 registros da doen\u00e7a no Distrito Federal. Contudo, focos foram detectados em outros estados brasileiros, o que aumenta a preocupa\u00e7\u00e3o com a circula\u00e7\u00e3o de aves migrat\u00f3rias que passam pelo territ\u00f3rio, tornando a preven\u00e7\u00e3o uma prioridade para o governo.<\/p>\n<p><strong>Aten\u00e7\u00e3o redobrada<\/strong><br \/>\nO secret\u00e1rio de Agricultura, Abastecimento e Desenvolvimento Rural, Rafael Bueno, destacou a import\u00e2ncia da prorroga\u00e7\u00e3o, especialmente no contexto atual. \u201cO Distrito Federal \u00e9 uma rota de passagem de andorinhas que migram dos Estados Unidos at\u00e9 a Argentina, atravessando nossa regi\u00e3o. Nossa equipe est\u00e1 em vigil\u00e2ncia constante, realizando captura de aves silvestres e busca ativa em avi\u00e1rios comerciais e criat\u00f3rios de subsist\u00eancia para, caso o v\u00edrus seja detectado, adotarmos imediatamente as medidas sanit\u00e1rias necess\u00e1rias\u201d, explicou.<\/p>\n<p>O secret\u00e1rio ainda ressaltou que o inverno no Hemisf\u00e9rio Norte intensifica o risco de contamina\u00e7\u00e3o, pois aves migrat\u00f3rias provenientes de regi\u00f5es onde o v\u00edrus j\u00e1 est\u00e1 presente podem espalhar a doen\u00e7a. \u201cPor isso, a manuten\u00e7\u00e3o desse estado de alerta \u00e9 indispens\u00e1vel\u201d, completou.<\/p>\n<p>O estado de emerg\u00eancia, que agora soma 630 dias, permite a continuidade de a\u00e7\u00f5es de vigil\u00e2ncia ativa, restri\u00e7\u00f5es ao tr\u00e2nsito de aves, monitoramento em granjas e campanhas educativas para produtores. Essas medidas buscam evitar a entrada do v\u00edrus no DF e proteger tanto a sa\u00fade p\u00fablica quanto a economia do DF, que possui frango de corte como principal cultura da pecu\u00e1ria da regi\u00e3o.<\/p>\n","protected":false},"excerpt":{"rendered":"<p>O governador Ibaneis Rocha prorrogou por 450 dias o estado de emerg\u00eancia zoossanit\u00e1ria, declarado inicialmente em agosto de 2023, como medida de preven\u00e7\u00e3o \u00e0 influenza avi\u00e1ria. O decreto refor\u00e7a as a\u00e7\u00f5es de vigil\u00e2ncia e controle no enfrentamento da doen\u00e7a, que representa riscos tanto \u00e0 sa\u00fade p\u00fablica quanto \u00e0 economia av\u00edcola. A influenza avi\u00e1ria \u00e9 uma [&hellip;]<\/p>\n","protected":false},"author":2,"featured_media":343928,"comment_status":"closed","ping_status":"closed","sticky":false,"template":"","format":"standard","meta":{"_acf_changed":false,"footnotes":""},"categories":[161],"tags":[],"class_list":["post-343927","post","type-post","status-publish","format-standard","has-post-thumbnail","hentry","category-quadradinho-em-foco"],"acf":[],"_links":{"self":[{"href":"https:\/\/www.notibras.com\/site\/wp-json\/wp\/v2\/posts\/343927","targetHints":{"allow":["GET"]}}],"collection":[{"href":"https:\/\/www.notibras.com\/site\/wp-json\/wp\/v2\/posts"}],"about":[{"href":"https:\/\/www.notibras.com\/site\/wp-json\/wp\/v2\/types\/post"}],"author":[{"embeddable":true,"href":"https:\/\/www.notibras.com\/site\/wp-json\/wp\/v2\/users\/2"}],"replies":[{"embeddable":true,"href":"https:\/\/www.notibras.com\/site\/wp-json\/wp\/v2\/comments?post=343927"}],"version-history":[{"count":1,"href":"https:\/\/www.notibras.com\/site\/wp-json\/wp\/v2\/posts\/343927\/revisions"}],"predecessor-version":[{"id":343929,"href":"https:\/\/www.notibras.com\/site\/wp-json\/wp\/v2\/posts\/343927\/revisions\/343929"}],"wp:featuredmedia":[{"embeddable":true,"href":"https:\/\/www.notibras.com\/site\/wp-json\/wp\/v2\/media\/343928"}],"wp:attachment":[{"href":"https:\/\/www.notibras.com\/site\/wp-json\/wp\/v2\/media?parent=343927"}],"wp:term":[{"taxonomy":"category","embeddable":true,"href":"https:\/\/www.notibras.com\/site\/wp-json\/wp\/v2\/categories?post=343927"},{"taxonomy":"post_tag","embeddable":true,"href":"https:\/\/www.notibras.com\/site\/wp-json\/wp\/v2\/tags?post=343927"}],"curies":[{"name":"wp","href":"https:\/\/api.w.org\/{rel}","templated":true}]}}