{"id":343930,"date":"2024-12-25T08:01:00","date_gmt":"2024-12-25T11:01:00","guid":{"rendered":"https:\/\/www.notibras.com\/site\/?p=343930"},"modified":"2024-12-26T08:50:00","modified_gmt":"2024-12-26T11:50:00","slug":"reveillon-na-praca-dos-orixas-tera-20-vagas-de-ambulantes","status":"publish","type":"post","link":"https:\/\/www.notibras.com\/site\/reveillon-na-praca-dos-orixas-tera-20-vagas-de-ambulantes\/","title":{"rendered":"R\u00e9veillon na Pra\u00e7a dos Orix\u00e1s ter\u00e1 20 vagas de ambulantes"},"content":{"rendered":"<p>A Secretaria Executiva das Cidades vai cadastrar as pessoas interessadas em trabalhar de ambulante no evento Ano Novo, Novos Sonhos \u2013 R\u00e9veillon 2024\/25, que acontece nos dias 30 e 31 de dezembro na Pra\u00e7a dos Orix\u00e1s. Ser\u00e3o oferecidas 20 vagas na modalidade barraca.<\/p>\n<p>O cadastramento ser\u00e1 no Edif\u00edcio Anexo do Buriti, 9\u00ba andar, sala 917, das 9h \u00e0s 17h. \u00c9 necess\u00e1rio apresentar original e c\u00f3pia de documento pessoal com foto e comprovante de endere\u00e7o no nome do ambulante ou declara\u00e7\u00e3o de resid\u00eancia.<\/p>\n<p>Ser\u00e1 reservada uma vaga para atender pessoas com defici\u00eancia (PcDs), mediante a apresenta\u00e7\u00e3o da carteirinha (comprova\u00e7\u00e3o). De acordo com o edital, as barracas poder\u00e3o ser de at\u00e9 20 m\u00b2, e a montagem ser\u00e1 a partir de 10h do dia 30 de dezembro.<\/p>\n<p>A divulga\u00e7\u00e3o dos contemplados ser\u00e1 no dia 27, no site da Secretaria de Governo, e a entrega das licen\u00e7as eventuais ser\u00e1 no dia 30, no mesmo local do cadastramento, onde ser\u00e3o repassadas as informa\u00e7\u00f5es e orienta\u00e7\u00f5es sobre o trabalho.<\/p>\n","protected":false},"excerpt":{"rendered":"<p>A Secretaria Executiva das Cidades vai cadastrar as pessoas interessadas em trabalhar de ambulante no evento Ano Novo, Novos Sonhos \u2013 R\u00e9veillon 2024\/25, que acontece nos dias 30 e 31 de dezembro na Pra\u00e7a dos Orix\u00e1s. Ser\u00e3o oferecidas 20 vagas na modalidade barraca. O cadastramento ser\u00e1 no Edif\u00edcio Anexo do Buriti, 9\u00ba andar, sala 917, [&hellip;]<\/p>\n","protected":false},"author":2,"featured_media":343931,"comment_status":"closed","ping_status":"closed","sticky":false,"template":"","format":"standard","meta":{"_acf_changed":false,"footnotes":""},"categories":[161],"tags":[],"class_list":["post-343930","post","type-post","status-publish","format-standard","has-post-thumbnail","hentry","category-quadradinho-em-foco"],"acf":[],"_links":{"self":[{"href":"https:\/\/www.notibras.com\/site\/wp-json\/wp\/v2\/posts\/343930","targetHints":{"allow":["GET"]}}],"collection":[{"href":"https:\/\/www.notibras.com\/site\/wp-json\/wp\/v2\/posts"}],"about":[{"href":"https:\/\/www.notibras.com\/site\/wp-json\/wp\/v2\/types\/post"}],"author":[{"embeddable":true,"href":"https:\/\/www.notibras.com\/site\/wp-json\/wp\/v2\/users\/2"}],"replies":[{"embeddable":true,"href":"https:\/\/www.notibras.com\/site\/wp-json\/wp\/v2\/comments?post=343930"}],"version-history":[{"count":1,"href":"https:\/\/www.notibras.com\/site\/wp-json\/wp\/v2\/posts\/343930\/revisions"}],"predecessor-version":[{"id":343932,"href":"https:\/\/www.notibras.com\/site\/wp-json\/wp\/v2\/posts\/343930\/revisions\/343932"}],"wp:featuredmedia":[{"embeddable":true,"href":"https:\/\/www.notibras.com\/site\/wp-json\/wp\/v2\/media\/343931"}],"wp:attachment":[{"href":"https:\/\/www.notibras.com\/site\/wp-json\/wp\/v2\/media?parent=343930"}],"wp:term":[{"taxonomy":"category","embeddable":true,"href":"https:\/\/www.notibras.com\/site\/wp-json\/wp\/v2\/categories?post=343930"},{"taxonomy":"post_tag","embeddable":true,"href":"https:\/\/www.notibras.com\/site\/wp-json\/wp\/v2\/tags?post=343930"}],"curies":[{"name":"wp","href":"https:\/\/api.w.org\/{rel}","templated":true}]}}