{"id":343936,"date":"2024-12-25T00:22:37","date_gmt":"2024-12-25T03:22:37","guid":{"rendered":"https:\/\/www.notibras.com\/site\/?p=343936"},"modified":"2024-12-25T08:24:30","modified_gmt":"2024-12-25T11:24:30","slug":"agencia-vai-analisar-apos-acidente-qualidade-da-agua-que-maranhense-consome","status":"publish","type":"post","link":"https:\/\/www.notibras.com\/site\/agencia-vai-analisar-apos-acidente-qualidade-da-agua-que-maranhense-consome\/","title":{"rendered":"Ag\u00eancia vai analisar ap\u00f3s acidente qualidade da \u00e1gua que maranhense consome"},"content":{"rendered":"<p>A Ag\u00eancia Nacional de \u00c1guas (ANA) est\u00e1 avaliando a qualidade da \u00e1gua no Rio Tocantins, na \u00e1rea onde desabou a ponte Juscelino Kubitschek, entre os munic\u00edpios de Aguiarn\u00f3polis (TO) e Estreito (MA). As an\u00e1lises se justificam pela informa\u00e7\u00e3o de que alguns dos caminh\u00f5es que ca\u00edram no rio ap\u00f3s a queda da ponte carregavam pesticidas e outros compostos qu\u00edmicos.<\/p>\n<p>Conforme nota da ANA, o foco das an\u00e1lises est\u00e1 no abastecimento de \u00e1gua a jusante (rio abaixo) a partir do local do acidente. A ag\u00eancia informou tamb\u00e9m que, em conjunto com a Secretaria de Meio Ambiente do Maranh\u00e3o, vai determinar os par\u00e2metros b\u00e1sicos de qualidade da \u00e1gua e coletar amostras para as an\u00e1lises ambulatoriais para detectar \u201cos principais princ\u00edpios ativos dos pesticidas potencialmente lan\u00e7ados na coluna d\u00b4\u00e1gua do rio Tocantins\u201d.<\/p>\n<p>As notas fiscais dos caminh\u00f5es envolvidos no desabamento apontam quantidades consider\u00e1veis de defensivos agr\u00edcolas e \u00e1cido sulf\u00farico na carga dos ve\u00edculos acidentados. No que diz respeito aos defensivos agr\u00edcolas, a nota aponta que \u201cainda n\u00e3o h\u00e1 informa\u00e7\u00f5es sobre o rompimento efetivo das embalagens, que, em fun\u00e7\u00e3o do acondicionamento da carga, podem ter permanecido intactas\u201d.<\/p>\n<p>Por causa da natureza t\u00f3xica das cargas, no domingo e na segunda (23), n\u00e3o foi poss\u00edvel recorrer ao trabalho dos mergulhadores para as buscas submersas no rio. O Corpo de Bombeiros do Maranh\u00e3o confirmou a morte de quatro pessoas (tr\u00eas mulheres e um homem) e o desaparecimento, at\u00e9 o momento, de 13 pessoas.<\/p>\n<p>Na quinta-feira (26) est\u00e1 prevista a reuni\u00e3o da \u201csala de crise para acompanhamento dos impactos sobre os usos m\u00faltiplos da \u00e1gua decorrentes do desabamento da ponte sobre o rio Tocantins\u201d.<\/p>\n<p>Al\u00e9m da pr\u00f3pria ANA, outros \u00f3rg\u00e3os participam da sala de crise, como o Instituto Brasileiro do Meio Ambiente e dos Recursos Renov\u00e1veis (Ibama), o Centro Nacional de Monitoramento e Alertas de Desastres Naturais (Cemaden), o Departamento Nacional de Infraestrutura de Transportes (Dnit) e Minist\u00e9rio da Sa\u00fade.<\/p>\n<p>O Dnit est\u00e1 com t\u00e9cnicos no local avaliando a situa\u00e7\u00e3o para descobrir as poss\u00edveis causas do acidente. Segundo o \u00f3rg\u00e3o, o desabamento foi resultado porque o v\u00e3o central da ponte cedeu.<\/p>\n<p>O Rio Tocantins \u00e9 o principal da bacia Tocantins \u2013 Araguaia, tendo grande potencial para gera\u00e7\u00e3o de energia e alta navegabilidade em v\u00e1rios trechos, al\u00e9m do abastecimento de \u00e1gua para v\u00e1rios munic\u00edpios da regi\u00e3o.<\/p>\n","protected":false},"excerpt":{"rendered":"<p>A Ag\u00eancia Nacional de \u00c1guas (ANA) est\u00e1 avaliando a qualidade da \u00e1gua no Rio Tocantins, na \u00e1rea onde desabou a ponte Juscelino Kubitschek, entre os munic\u00edpios de Aguiarn\u00f3polis (TO) e Estreito (MA). As an\u00e1lises se justificam pela informa\u00e7\u00e3o de que alguns dos caminh\u00f5es que ca\u00edram no rio ap\u00f3s a queda da ponte carregavam pesticidas e [&hellip;]<\/p>\n","protected":false},"author":2,"featured_media":343937,"comment_status":"closed","ping_status":"closed","sticky":false,"template":"","format":"standard","meta":{"_acf_changed":false,"footnotes":""},"categories":[165],"tags":[],"class_list":["post-343936","post","type-post","status-publish","format-standard","has-post-thumbnail","hentry","category-nordeste"],"acf":[],"_links":{"self":[{"href":"https:\/\/www.notibras.com\/site\/wp-json\/wp\/v2\/posts\/343936","targetHints":{"allow":["GET"]}}],"collection":[{"href":"https:\/\/www.notibras.com\/site\/wp-json\/wp\/v2\/posts"}],"about":[{"href":"https:\/\/www.notibras.com\/site\/wp-json\/wp\/v2\/types\/post"}],"author":[{"embeddable":true,"href":"https:\/\/www.notibras.com\/site\/wp-json\/wp\/v2\/users\/2"}],"replies":[{"embeddable":true,"href":"https:\/\/www.notibras.com\/site\/wp-json\/wp\/v2\/comments?post=343936"}],"version-history":[{"count":1,"href":"https:\/\/www.notibras.com\/site\/wp-json\/wp\/v2\/posts\/343936\/revisions"}],"predecessor-version":[{"id":343938,"href":"https:\/\/www.notibras.com\/site\/wp-json\/wp\/v2\/posts\/343936\/revisions\/343938"}],"wp:featuredmedia":[{"embeddable":true,"href":"https:\/\/www.notibras.com\/site\/wp-json\/wp\/v2\/media\/343937"}],"wp:attachment":[{"href":"https:\/\/www.notibras.com\/site\/wp-json\/wp\/v2\/media?parent=343936"}],"wp:term":[{"taxonomy":"category","embeddable":true,"href":"https:\/\/www.notibras.com\/site\/wp-json\/wp\/v2\/categories?post=343936"},{"taxonomy":"post_tag","embeddable":true,"href":"https:\/\/www.notibras.com\/site\/wp-json\/wp\/v2\/tags?post=343936"}],"curies":[{"name":"wp","href":"https:\/\/api.w.org\/{rel}","templated":true}]}}