{"id":343939,"date":"2024-12-25T00:07:29","date_gmt":"2024-12-25T03:07:29","guid":{"rendered":"https:\/\/www.notibras.com\/site\/?p=343939"},"modified":"2024-12-25T08:28:59","modified_gmt":"2024-12-25T11:28:59","slug":"empresa-que-reconstruira-ponte-do-estreito-sera-contratada-ainda-este-ano","status":"publish","type":"post","link":"https:\/\/www.notibras.com\/site\/empresa-que-reconstruira-ponte-do-estreito-sera-contratada-ainda-este-ano\/","title":{"rendered":"Empresa que reconstruir\u00e1 Ponte do Estreito ser\u00e1 contratada ainda este ano"},"content":{"rendered":"<p>O Minist\u00e9rio dos Transportes publicou portaria para a contrata\u00e7\u00e3o de empresa para reconstruir a ponte Juscelino Kubitschek de Oliveira (Ponte do Estreito), localizada na divisa entre o Maranh\u00e3o e Tocantins.<\/p>\n<p>No domingo (22), o v\u00e3o central da ponte, que liga os munic\u00edpios de Estreito (MA) e de Aguiarn\u00f3polis (TO), cedeu e derrubou pelo menos 10 ve\u00edculos, entre os quais quatro caminh\u00f5es, tr\u00eas carros de passeio e tr\u00eas motocicletas.<\/p>\n<p>A publica\u00e7\u00e3o da portaria viabiliza a contrata\u00e7\u00e3o emergencial, ainda neste ano, da empreiteira respons\u00e1vel pelo projeto e a execu\u00e7\u00e3o das obras.<\/p>\n<p>Segundo a pasta, cerca de R$ 100 milh\u00f5es devem ser investidos para a reconstru\u00e7\u00e3o da ponte. A obra deve levar cerca de um ano para ficar pronta.<\/p>\n","protected":false},"excerpt":{"rendered":"<p>O Minist\u00e9rio dos Transportes publicou portaria para a contrata\u00e7\u00e3o de empresa para reconstruir a ponte Juscelino Kubitschek de Oliveira (Ponte do Estreito), localizada na divisa entre o Maranh\u00e3o e Tocantins. No domingo (22), o v\u00e3o central da ponte, que liga os munic\u00edpios de Estreito (MA) e de Aguiarn\u00f3polis (TO), cedeu e derrubou pelo menos 10 [&hellip;]<\/p>\n","protected":false},"author":2,"featured_media":343940,"comment_status":"closed","ping_status":"closed","sticky":false,"template":"","format":"standard","meta":{"_acf_changed":false,"footnotes":""},"categories":[165],"tags":[],"class_list":["post-343939","post","type-post","status-publish","format-standard","has-post-thumbnail","hentry","category-nordeste"],"acf":[],"_links":{"self":[{"href":"https:\/\/www.notibras.com\/site\/wp-json\/wp\/v2\/posts\/343939","targetHints":{"allow":["GET"]}}],"collection":[{"href":"https:\/\/www.notibras.com\/site\/wp-json\/wp\/v2\/posts"}],"about":[{"href":"https:\/\/www.notibras.com\/site\/wp-json\/wp\/v2\/types\/post"}],"author":[{"embeddable":true,"href":"https:\/\/www.notibras.com\/site\/wp-json\/wp\/v2\/users\/2"}],"replies":[{"embeddable":true,"href":"https:\/\/www.notibras.com\/site\/wp-json\/wp\/v2\/comments?post=343939"}],"version-history":[{"count":1,"href":"https:\/\/www.notibras.com\/site\/wp-json\/wp\/v2\/posts\/343939\/revisions"}],"predecessor-version":[{"id":343941,"href":"https:\/\/www.notibras.com\/site\/wp-json\/wp\/v2\/posts\/343939\/revisions\/343941"}],"wp:featuredmedia":[{"embeddable":true,"href":"https:\/\/www.notibras.com\/site\/wp-json\/wp\/v2\/media\/343940"}],"wp:attachment":[{"href":"https:\/\/www.notibras.com\/site\/wp-json\/wp\/v2\/media?parent=343939"}],"wp:term":[{"taxonomy":"category","embeddable":true,"href":"https:\/\/www.notibras.com\/site\/wp-json\/wp\/v2\/categories?post=343939"},{"taxonomy":"post_tag","embeddable":true,"href":"https:\/\/www.notibras.com\/site\/wp-json\/wp\/v2\/tags?post=343939"}],"curies":[{"name":"wp","href":"https:\/\/api.w.org\/{rel}","templated":true}]}}