{"id":343942,"date":"2024-12-25T00:10:22","date_gmt":"2024-12-25T03:10:22","guid":{"rendered":"https:\/\/www.notibras.com\/site\/?p=343942"},"modified":"2024-12-25T08:34:00","modified_gmt":"2024-12-25T11:34:00","slug":"bombeiros-confirmam-quatro-mortes-por-queda-de-ponte","status":"publish","type":"post","link":"https:\/\/www.notibras.com\/site\/bombeiros-confirmam-quatro-mortes-por-queda-de-ponte\/","title":{"rendered":"Bombeiros confirmam quatro mortes por queda de ponte"},"content":{"rendered":"<p>O Corpo de Bombeiros do Maranh\u00e3o atualizou na ter\u00e7a-feira (24) os n\u00fameros da opera\u00e7\u00e3o de busca pelos desaparecidos ap\u00f3s a queda da ponte Juscelino Kubitschek de Oliveira, na divisa entre o Maranh\u00e3o e Tocantins, no domingo (22).<\/p>\n<p>De acordo com a corpora\u00e7\u00e3o, est\u00e3o confirmadas as mortes de quatro pessoas (tr\u00eas mulheres e um homem). Outras 13 pessoas continuam desaparecidas.<\/p>\n<p>Localizada na BR-226, a ponte liga os munic\u00edpios de Estreito (MA) e de Aguiarn\u00f3polis (TO). Na tarde de domingo, o v\u00e3o central da ponte, com 533 metros de extens\u00e3o, cedeu, derrubando pelo menos 10 ve\u00edculos, entre os quais quatro caminh\u00f5es, tr\u00eas ve\u00edculos de passeio e tr\u00eas motocicletas.<\/p>\n<p>Caminh\u00f5es que ca\u00edram da ponte provocaram a contamina\u00e7\u00e3o da \u00e1gua do Rio Tocantins e a interrup\u00e7\u00e3o do fornecimento da \u00e1gua para os moradores da regi\u00e3o. Uma das carretas estava carregada de \u00e1cido sulf\u00farico.<\/p>\n","protected":false},"excerpt":{"rendered":"<p>O Corpo de Bombeiros do Maranh\u00e3o atualizou na ter\u00e7a-feira (24) os n\u00fameros da opera\u00e7\u00e3o de busca pelos desaparecidos ap\u00f3s a queda da ponte Juscelino Kubitschek de Oliveira, na divisa entre o Maranh\u00e3o e Tocantins, no domingo (22). De acordo com a corpora\u00e7\u00e3o, est\u00e3o confirmadas as mortes de quatro pessoas (tr\u00eas mulheres e um homem). Outras [&hellip;]<\/p>\n","protected":false},"author":2,"featured_media":343943,"comment_status":"closed","ping_status":"closed","sticky":false,"template":"","format":"standard","meta":{"_acf_changed":false,"footnotes":""},"categories":[165],"tags":[],"class_list":["post-343942","post","type-post","status-publish","format-standard","has-post-thumbnail","hentry","category-nordeste"],"acf":[],"_links":{"self":[{"href":"https:\/\/www.notibras.com\/site\/wp-json\/wp\/v2\/posts\/343942","targetHints":{"allow":["GET"]}}],"collection":[{"href":"https:\/\/www.notibras.com\/site\/wp-json\/wp\/v2\/posts"}],"about":[{"href":"https:\/\/www.notibras.com\/site\/wp-json\/wp\/v2\/types\/post"}],"author":[{"embeddable":true,"href":"https:\/\/www.notibras.com\/site\/wp-json\/wp\/v2\/users\/2"}],"replies":[{"embeddable":true,"href":"https:\/\/www.notibras.com\/site\/wp-json\/wp\/v2\/comments?post=343942"}],"version-history":[{"count":1,"href":"https:\/\/www.notibras.com\/site\/wp-json\/wp\/v2\/posts\/343942\/revisions"}],"predecessor-version":[{"id":343944,"href":"https:\/\/www.notibras.com\/site\/wp-json\/wp\/v2\/posts\/343942\/revisions\/343944"}],"wp:featuredmedia":[{"embeddable":true,"href":"https:\/\/www.notibras.com\/site\/wp-json\/wp\/v2\/media\/343943"}],"wp:attachment":[{"href":"https:\/\/www.notibras.com\/site\/wp-json\/wp\/v2\/media?parent=343942"}],"wp:term":[{"taxonomy":"category","embeddable":true,"href":"https:\/\/www.notibras.com\/site\/wp-json\/wp\/v2\/categories?post=343942"},{"taxonomy":"post_tag","embeddable":true,"href":"https:\/\/www.notibras.com\/site\/wp-json\/wp\/v2\/tags?post=343942"}],"curies":[{"name":"wp","href":"https:\/\/api.w.org\/{rel}","templated":true}]}}