{"id":343945,"date":"2024-12-25T00:08:39","date_gmt":"2024-12-25T03:08:39","guid":{"rendered":"https:\/\/www.notibras.com\/site\/?p=343945"},"modified":"2024-12-25T08:40:18","modified_gmt":"2024-12-25T11:40:18","slug":"dnit-abre-sindicancia-sobre-desabamento-de-ponte-de-estreito","status":"publish","type":"post","link":"https:\/\/www.notibras.com\/site\/dnit-abre-sindicancia-sobre-desabamento-de-ponte-de-estreito\/","title":{"rendered":"Dnit abre sindic\u00e2ncia sobre desabamento de ponte de Estreito"},"content":{"rendered":"<p>O Departamento Nacional de Infraestrutura de Transporte (Dnit) instaurou uma sindic\u00e2ncia para apurar causas e responsabilidades sobre o desabamento da ponte Juscelino Kubitschek. A estrutura, que fazia parte da BR-226 e ligava os estados do Tocantins e do Maranh\u00e3o, caiu no \u00faltimo domingo (22).<\/p>\n<p>Os trabalhos de apura\u00e7\u00e3o da sindic\u00e2ncia ser\u00e3o iniciados na quinta-feira (26), quando, segundo o diretor-geral do Dnit, Fabr\u00edcio Galv\u00e3o, \u201ctoda a comiss\u00e3o vai se deslocar para o local do desabamento e come\u00e7ar\u00e1 a fazer a coleta dos documentos necess\u00e1rios para as apura\u00e7\u00f5es&#8221;. Inclusive pretendemos acionar \u00f3rg\u00e3os externos ao DNIT para participarem dos trabalhos\u201d.<\/p>\n<p>A comiss\u00e3o de sindic\u00e2ncia est\u00e1 autorizada a levantar fatos, requerer documentos a \u00f3rg\u00e3os de qualquer esfera administrativa e analis\u00e1-los junto \u00e0s demais provas obtidas durante a investiga\u00e7\u00e3o. Tamb\u00e9m est\u00e3o previstas provas t\u00e9cnicas, como ensaios e visitas em campo, que permitam identificar as poss\u00edveis causas que levaram ao desabamento e avaliar indicativos de responsabilidade. O prazo para a conclus\u00e3o dos trabalhos \u00e9 de 120 dias.<\/p>\n<p>De acordo com o Minist\u00e9rio dos Transportes, a sindic\u00e2ncia foi determinada pelo ministro Renan Filho. O minist\u00e9rio tamb\u00e9m informou que est\u00e1 prevista, ainda nesta ter\u00e7a-feira, a publica\u00e7\u00e3o do decreto de emerg\u00eancia que destinar\u00e1 mais de R$ 100 milh\u00f5es para a constru\u00e7\u00e3o de uma nova ponte.<\/p>\n","protected":false},"excerpt":{"rendered":"<p>O Departamento Nacional de Infraestrutura de Transporte (Dnit) instaurou uma sindic\u00e2ncia para apurar causas e responsabilidades sobre o desabamento da ponte Juscelino Kubitschek. A estrutura, que fazia parte da BR-226 e ligava os estados do Tocantins e do Maranh\u00e3o, caiu no \u00faltimo domingo (22). Os trabalhos de apura\u00e7\u00e3o da sindic\u00e2ncia ser\u00e3o iniciados na quinta-feira (26), [&hellip;]<\/p>\n","protected":false},"author":2,"featured_media":343946,"comment_status":"closed","ping_status":"closed","sticky":false,"template":"","format":"standard","meta":{"_acf_changed":false,"footnotes":""},"categories":[165],"tags":[],"class_list":["post-343945","post","type-post","status-publish","format-standard","has-post-thumbnail","hentry","category-nordeste"],"acf":[],"_links":{"self":[{"href":"https:\/\/www.notibras.com\/site\/wp-json\/wp\/v2\/posts\/343945","targetHints":{"allow":["GET"]}}],"collection":[{"href":"https:\/\/www.notibras.com\/site\/wp-json\/wp\/v2\/posts"}],"about":[{"href":"https:\/\/www.notibras.com\/site\/wp-json\/wp\/v2\/types\/post"}],"author":[{"embeddable":true,"href":"https:\/\/www.notibras.com\/site\/wp-json\/wp\/v2\/users\/2"}],"replies":[{"embeddable":true,"href":"https:\/\/www.notibras.com\/site\/wp-json\/wp\/v2\/comments?post=343945"}],"version-history":[{"count":1,"href":"https:\/\/www.notibras.com\/site\/wp-json\/wp\/v2\/posts\/343945\/revisions"}],"predecessor-version":[{"id":343947,"href":"https:\/\/www.notibras.com\/site\/wp-json\/wp\/v2\/posts\/343945\/revisions\/343947"}],"wp:featuredmedia":[{"embeddable":true,"href":"https:\/\/www.notibras.com\/site\/wp-json\/wp\/v2\/media\/343946"}],"wp:attachment":[{"href":"https:\/\/www.notibras.com\/site\/wp-json\/wp\/v2\/media?parent=343945"}],"wp:term":[{"taxonomy":"category","embeddable":true,"href":"https:\/\/www.notibras.com\/site\/wp-json\/wp\/v2\/categories?post=343945"},{"taxonomy":"post_tag","embeddable":true,"href":"https:\/\/www.notibras.com\/site\/wp-json\/wp\/v2\/tags?post=343945"}],"curies":[{"name":"wp","href":"https:\/\/api.w.org\/{rel}","templated":true}]}}