{"id":343948,"date":"2024-12-25T00:00:05","date_gmt":"2024-12-25T03:00:05","guid":{"rendered":"https:\/\/www.notibras.com\/site\/?p=343948"},"modified":"2024-12-25T08:47:46","modified_gmt":"2024-12-25T11:47:46","slug":"resgatados-163-operarios-chineses-em-condicoes-de-escravidao-na-fabrica-da-byd","status":"publish","type":"post","link":"https:\/\/www.notibras.com\/site\/resgatados-163-operarios-chineses-em-condicoes-de-escravidao-na-fabrica-da-byd\/","title":{"rendered":"Resgatados 163 oper\u00e1rios chineses em condi\u00e7\u00f5es de escravid\u00e3o na f\u00e1brica da BYD"},"content":{"rendered":"<p>Uma for\u00e7a-tarefa do Minist\u00e9rio P\u00fablico do Trabalho (MPT) resgatou 163 oper\u00e1rios chineses que trabalhavam nas obras da f\u00e1brica da montadora de carros el\u00e9tricos BYD, no munic\u00edpio de Cama\u00e7ari, localizado na regi\u00e3o metropolitana de Salvador.<\/p>\n<p>De acordo com o MPT, os trabalhadores eram terceirizados por uma empresa chinesa e estavam em condi\u00e7\u00f5es an\u00e1logas \u00e0 de escravid\u00e3o nos alojamentos da obra.<\/p>\n<p>A inspe\u00e7\u00e3o constatou que os oper\u00e1rios dormiam em camas sem colch\u00e3o e contavam com um banheiro para cada 30 pessoas. Na parte de alimenta\u00e7\u00e3o, foram encontradas panelas no ch\u00e3o, comida sem refrigera\u00e7\u00e3o para serem servidas no dia seguinte, al\u00e9m de fornecimento de \u00e1gua diretamente da torneira, sem tratamento.<\/p>\n<p>Os procuradores tamb\u00e9m descobriram que os passaportes dos trabalhadores e parte dos sal\u00e1rios eram retidos pela terceirizada. Cerca de 60% dos valores eram confiscados e o restante era pago em moeda chinesa para evitar o abandono do emprego.<\/p>\n<p>&#8220;Caso um trabalhador tentasse rescindir o contrato de trabalho ap\u00f3s seis meses, deixaria o pa\u00eds sem receber efetivamente nada pelo seu trabalho, j\u00e1 que o desconto da cau\u00e7\u00e3o, da passagem de vinda ao Brasil e o pagamento da passagem de retorno, na pr\u00e1tica, configuraria confisco total dos valores recebidos pelos trabalhadores ao longo da rela\u00e7\u00e3o de trabalho&#8221;, informou o MPT.<\/p>\n<p><strong>Outro lado<\/strong><br \/>\nAp\u00f3s a deflagra\u00e7\u00e3o da opera\u00e7\u00e3o, a BYD informou que rescindiu o contrato com a empresa terceirizada respons\u00e1vel pela contrata\u00e7\u00e3o dos oper\u00e1rios. &#8220;A BYD Auto do Brasil reafirma que n\u00e3o tolera desrespeito \u00e0 lei brasileira e \u00e0 dignidade humana. Diante disso, a companhia decidiu encerrar imediatamente o contrato com a empreiteira&#8221;, declarou a empresa.<\/p>\n","protected":false},"excerpt":{"rendered":"<p>Uma for\u00e7a-tarefa do Minist\u00e9rio P\u00fablico do Trabalho (MPT) resgatou 163 oper\u00e1rios chineses que trabalhavam nas obras da f\u00e1brica da montadora de carros el\u00e9tricos BYD, no munic\u00edpio de Cama\u00e7ari, localizado na regi\u00e3o metropolitana de Salvador. De acordo com o MPT, os trabalhadores eram terceirizados por uma empresa chinesa e estavam em condi\u00e7\u00f5es an\u00e1logas \u00e0 de escravid\u00e3o [&hellip;]<\/p>\n","protected":false},"author":2,"featured_media":343949,"comment_status":"closed","ping_status":"closed","sticky":false,"template":"","format":"standard","meta":{"_acf_changed":false,"footnotes":""},"categories":[165],"tags":[],"class_list":["post-343948","post","type-post","status-publish","format-standard","has-post-thumbnail","hentry","category-nordeste"],"acf":[],"_links":{"self":[{"href":"https:\/\/www.notibras.com\/site\/wp-json\/wp\/v2\/posts\/343948","targetHints":{"allow":["GET"]}}],"collection":[{"href":"https:\/\/www.notibras.com\/site\/wp-json\/wp\/v2\/posts"}],"about":[{"href":"https:\/\/www.notibras.com\/site\/wp-json\/wp\/v2\/types\/post"}],"author":[{"embeddable":true,"href":"https:\/\/www.notibras.com\/site\/wp-json\/wp\/v2\/users\/2"}],"replies":[{"embeddable":true,"href":"https:\/\/www.notibras.com\/site\/wp-json\/wp\/v2\/comments?post=343948"}],"version-history":[{"count":1,"href":"https:\/\/www.notibras.com\/site\/wp-json\/wp\/v2\/posts\/343948\/revisions"}],"predecessor-version":[{"id":343950,"href":"https:\/\/www.notibras.com\/site\/wp-json\/wp\/v2\/posts\/343948\/revisions\/343950"}],"wp:featuredmedia":[{"embeddable":true,"href":"https:\/\/www.notibras.com\/site\/wp-json\/wp\/v2\/media\/343949"}],"wp:attachment":[{"href":"https:\/\/www.notibras.com\/site\/wp-json\/wp\/v2\/media?parent=343948"}],"wp:term":[{"taxonomy":"category","embeddable":true,"href":"https:\/\/www.notibras.com\/site\/wp-json\/wp\/v2\/categories?post=343948"},{"taxonomy":"post_tag","embeddable":true,"href":"https:\/\/www.notibras.com\/site\/wp-json\/wp\/v2\/tags?post=343948"}],"curies":[{"name":"wp","href":"https:\/\/api.w.org\/{rel}","templated":true}]}}