{"id":343998,"date":"2024-12-26T00:02:42","date_gmt":"2024-12-26T03:02:42","guid":{"rendered":"https:\/\/www.notibras.com\/site\/?p=343998"},"modified":"2024-12-26T06:49:59","modified_gmt":"2024-12-26T09:49:59","slug":"policia-federal-investiga-queda-de-ponte-de-estreito","status":"publish","type":"post","link":"https:\/\/www.notibras.com\/site\/policia-federal-investiga-queda-de-ponte-de-estreito\/","title":{"rendered":"Pol\u00edcia Federal investiga queda de ponte de Estreito"},"content":{"rendered":"<p>A Pol\u00edcia Federal come\u00e7ou a investigar a queda da ponte Juscelino Kubitschek de Oliveira, entre o Tocantins e o Maranh\u00e3o. Em nota, a corpora\u00e7\u00e3o disse que o procedimento de investiga\u00e7\u00e3o preliminar foi instaurado e que as a\u00e7\u00f5es ser\u00e3o conduzidas pelas superintend\u00eancias regionais da Pol\u00edcia Federal no Maranh\u00e3o e no Tocantins.<\/p>\n<p>A estrutura, que fazia parte da BR-226 e ligava os estados do Tocantins e do Maranh\u00e3o, desabou no domingo (22). At\u00e9 o momento, as informa\u00e7\u00f5es s\u00e3o de que quatro pessoas morreram e 13 est\u00e3o desaparecidas.<\/p>\n<p>\u201cAs dilig\u00eancias preliminares ser\u00e3o conduzidas pelas superintend\u00eancias regionais da Pol\u00edcia Federal no Maranh\u00e3o (SR\/PF\/MA) e no Tocantins (SR\/PF\/TO). Al\u00e9m disso, um procedimento de investiga\u00e7\u00e3o precedente foi instaurado e policiais federais j\u00e1 foram deslocados para coletar dados e evid\u00eancias sobre o caso. As equipes tamb\u00e9m ir\u00e3o avaliar a multidisciplinariedade das per\u00edcias necess\u00e1rias e identificar demandas de equipamentos t\u00e9cnicos para aprofundar as investiga\u00e7\u00f5es\u201d, informou a PF.<\/p>\n<p>A PF disse ainda que deslocou uma equipe com cinco peritos do Instituto Nacional de Criminal\u00edstica (INC\/DITEC), sendo dois engenheiros civis, dois especialistas em local de crime e um especialista em meio ambiente, para a Delegacia de Pol\u00edcia Federal em Imperatriz. Os policiais v\u00e3o refor\u00e7ar os trabalhos periciais.<\/p>\n<p>\u201cA Pol\u00edcia Federal destaca a import\u00e2ncia de apurar as causas do acidente e os danos ambientais decorrentes, assegurando a responsabilidade dos envolvidos e contribuindo para a seguran\u00e7a e prote\u00e7\u00e3o da popula\u00e7\u00e3o e do meio ambiente\u201d, diz a nota.<\/p>\n<p>Al\u00e9m da PF, o Departamento Nacional de Infraestrutura de Transporte (Dnit) vai investigar as causas do acidente. O \u00f3rg\u00e3o informou que instaurou uma sindic\u00e2ncia para apurar causas e responsabilidades sobre o desabamento da ponte.<\/p>\n<p>Os trabalhos de apura\u00e7\u00e3o ser\u00e3o iniciados nesta quinta-feira (26), quando, segundo o diretor-geral do Dnit, Fabr\u00edcio Galv\u00e3o, \u201ctoda a comiss\u00e3o vai se deslocar para o local do desabamento e come\u00e7ar\u00e1 a fazer a coleta dos documentos necess\u00e1rios para as apura\u00e7\u00f5es. Inclusive pretendemos acionar \u00f3rg\u00e3os externos ao DNIT para participarem dos trabalhos\u201d.<\/p>\n","protected":false},"excerpt":{"rendered":"<p>A Pol\u00edcia Federal come\u00e7ou a investigar a queda da ponte Juscelino Kubitschek de Oliveira, entre o Tocantins e o Maranh\u00e3o. Em nota, a corpora\u00e7\u00e3o disse que o procedimento de investiga\u00e7\u00e3o preliminar foi instaurado e que as a\u00e7\u00f5es ser\u00e3o conduzidas pelas superintend\u00eancias regionais da Pol\u00edcia Federal no Maranh\u00e3o e no Tocantins. A estrutura, que fazia parte [&hellip;]<\/p>\n","protected":false},"author":2,"featured_media":343999,"comment_status":"closed","ping_status":"closed","sticky":false,"template":"","format":"standard","meta":{"_acf_changed":false,"footnotes":""},"categories":[165],"tags":[],"class_list":["post-343998","post","type-post","status-publish","format-standard","has-post-thumbnail","hentry","category-nordeste"],"acf":[],"_links":{"self":[{"href":"https:\/\/www.notibras.com\/site\/wp-json\/wp\/v2\/posts\/343998","targetHints":{"allow":["GET"]}}],"collection":[{"href":"https:\/\/www.notibras.com\/site\/wp-json\/wp\/v2\/posts"}],"about":[{"href":"https:\/\/www.notibras.com\/site\/wp-json\/wp\/v2\/types\/post"}],"author":[{"embeddable":true,"href":"https:\/\/www.notibras.com\/site\/wp-json\/wp\/v2\/users\/2"}],"replies":[{"embeddable":true,"href":"https:\/\/www.notibras.com\/site\/wp-json\/wp\/v2\/comments?post=343998"}],"version-history":[{"count":1,"href":"https:\/\/www.notibras.com\/site\/wp-json\/wp\/v2\/posts\/343998\/revisions"}],"predecessor-version":[{"id":344000,"href":"https:\/\/www.notibras.com\/site\/wp-json\/wp\/v2\/posts\/343998\/revisions\/344000"}],"wp:featuredmedia":[{"embeddable":true,"href":"https:\/\/www.notibras.com\/site\/wp-json\/wp\/v2\/media\/343999"}],"wp:attachment":[{"href":"https:\/\/www.notibras.com\/site\/wp-json\/wp\/v2\/media?parent=343998"}],"wp:term":[{"taxonomy":"category","embeddable":true,"href":"https:\/\/www.notibras.com\/site\/wp-json\/wp\/v2\/categories?post=343998"},{"taxonomy":"post_tag","embeddable":true,"href":"https:\/\/www.notibras.com\/site\/wp-json\/wp\/v2\/tags?post=343998"}],"curies":[{"name":"wp","href":"https:\/\/api.w.org\/{rel}","templated":true}]}}