{"id":344006,"date":"2024-12-26T00:00:49","date_gmt":"2024-12-26T03:00:49","guid":{"rendered":"https:\/\/www.notibras.com\/site\/?p=344006"},"modified":"2024-12-26T07:30:48","modified_gmt":"2024-12-26T10:30:48","slug":"desembargador-carlos-alberto-morre-em-aracaju-aos-84-anos","status":"publish","type":"post","link":"https:\/\/www.notibras.com\/site\/desembargador-carlos-alberto-morre-em-aracaju-aos-84-anos\/","title":{"rendered":"Desembargador Carlos Alberto morre em Aracaju aos 84 anos"},"content":{"rendered":"<p>Morreu na madrugada desta segunda-feira (23), em Aracaju, aos 84 anos, o desembargador Carlos Alberto Pedreira Cardoso, ex-presidente do Tribunal Regional do Trabalho da 20\u00aa Regi\u00e3o (TRT20).<\/p>\n<p>Ele foi internado em um hospital particular da capital sergipana. A causa da morte n\u00e3o foi divu\u00e7gada.<\/p>\n<p>Natural de Salvador, Bahia, Carlos Cardoso mudou-se para Sergipe em 1991, onde construiu uma carreira not\u00e1vel no TRT20, ocupando cargos de grande relev\u00e2ncia, como presidente.<\/p>\n<p>Ap\u00f3s o vel\u00f3rio, o sepultamento ocorreu no Cemit\u00e9rio Colina da Saudade, em Aracaju. A morte do desembargador marca o fim de uma trajet\u00f3ria significativa no Judici\u00e1rio trabalhista.<\/p>\n","protected":false},"excerpt":{"rendered":"<p>Morreu na madrugada desta segunda-feira (23), em Aracaju, aos 84 anos, o desembargador Carlos Alberto Pedreira Cardoso, ex-presidente do Tribunal Regional do Trabalho da 20\u00aa Regi\u00e3o (TRT20). Ele foi internado em um hospital particular da capital sergipana. A causa da morte n\u00e3o foi divu\u00e7gada. Natural de Salvador, Bahia, Carlos Cardoso mudou-se para Sergipe em 1991, [&hellip;]<\/p>\n","protected":false},"author":2,"featured_media":344007,"comment_status":"closed","ping_status":"closed","sticky":false,"template":"","format":"standard","meta":{"_acf_changed":false,"footnotes":""},"categories":[165],"tags":[],"class_list":["post-344006","post","type-post","status-publish","format-standard","has-post-thumbnail","hentry","category-nordeste"],"acf":[],"_links":{"self":[{"href":"https:\/\/www.notibras.com\/site\/wp-json\/wp\/v2\/posts\/344006","targetHints":{"allow":["GET"]}}],"collection":[{"href":"https:\/\/www.notibras.com\/site\/wp-json\/wp\/v2\/posts"}],"about":[{"href":"https:\/\/www.notibras.com\/site\/wp-json\/wp\/v2\/types\/post"}],"author":[{"embeddable":true,"href":"https:\/\/www.notibras.com\/site\/wp-json\/wp\/v2\/users\/2"}],"replies":[{"embeddable":true,"href":"https:\/\/www.notibras.com\/site\/wp-json\/wp\/v2\/comments?post=344006"}],"version-history":[{"count":1,"href":"https:\/\/www.notibras.com\/site\/wp-json\/wp\/v2\/posts\/344006\/revisions"}],"predecessor-version":[{"id":344008,"href":"https:\/\/www.notibras.com\/site\/wp-json\/wp\/v2\/posts\/344006\/revisions\/344008"}],"wp:featuredmedia":[{"embeddable":true,"href":"https:\/\/www.notibras.com\/site\/wp-json\/wp\/v2\/media\/344007"}],"wp:attachment":[{"href":"https:\/\/www.notibras.com\/site\/wp-json\/wp\/v2\/media?parent=344006"}],"wp:term":[{"taxonomy":"category","embeddable":true,"href":"https:\/\/www.notibras.com\/site\/wp-json\/wp\/v2\/categories?post=344006"},{"taxonomy":"post_tag","embeddable":true,"href":"https:\/\/www.notibras.com\/site\/wp-json\/wp\/v2\/tags?post=344006"}],"curies":[{"name":"wp","href":"https:\/\/api.w.org\/{rel}","templated":true}]}}