{"id":344009,"date":"2024-12-26T00:00:06","date_gmt":"2024-12-26T03:00:06","guid":{"rendered":"https:\/\/www.notibras.com\/site\/?p=344009"},"modified":"2024-12-26T07:39:02","modified_gmt":"2024-12-26T10:39:02","slug":"motociclista-foge-da-policia-bate-moto-e-morre-em-fortaleza","status":"publish","type":"post","link":"https:\/\/www.notibras.com\/site\/motociclista-foge-da-policia-bate-moto-e-morre-em-fortaleza\/","title":{"rendered":"Motociclista foge da pol\u00edcia, bate moto e morre em Fortaleza"},"content":{"rendered":"<p><span>Um motociclista perdeu a vida na quarta-feira (25) ap\u00f3s colidir com uma \u00e1rvore enquanto tentava fugir de uma abordagem policial na Avenida Zez\u00e9 Diogo, no Bairro Praia do Futuro, em Fortaleza. <\/span><\/p>\n<p><span>O acidente foi registrado por uma c\u00e2mera de seguran\u00e7a, que mostrou o momento em que a v\u00edtima perdeu o controle da moto.<\/span><\/p>\n<p><span>Uma passageira que estava no ve\u00edculo foi socorrida com vida e encaminhada para atendimento m\u00e9dico. Poucos instantes ap\u00f3s o acidente, diversos agentes da pol\u00edcia chegaram ao local.<\/span><\/p>\n<p><span>As informa\u00e7\u00f5es que motivaram a tentativa de fuga ainda est\u00e3o sendo investigadas pela Pol\u00edcia Civil.<\/span><\/p>\n","protected":false},"excerpt":{"rendered":"<p>Um motociclista perdeu a vida na quarta-feira (25) ap\u00f3s colidir com uma \u00e1rvore enquanto tentava fugir de uma abordagem policial na Avenida Zez\u00e9 Diogo, no Bairro Praia do Futuro, em Fortaleza. O acidente foi registrado por uma c\u00e2mera de seguran\u00e7a, que mostrou o momento em que a v\u00edtima perdeu o controle da moto. Uma passageira [&hellip;]<\/p>\n","protected":false},"author":2,"featured_media":344010,"comment_status":"closed","ping_status":"closed","sticky":false,"template":"","format":"standard","meta":{"_acf_changed":false,"footnotes":""},"categories":[165],"tags":[],"class_list":["post-344009","post","type-post","status-publish","format-standard","has-post-thumbnail","hentry","category-nordeste"],"acf":[],"_links":{"self":[{"href":"https:\/\/www.notibras.com\/site\/wp-json\/wp\/v2\/posts\/344009","targetHints":{"allow":["GET"]}}],"collection":[{"href":"https:\/\/www.notibras.com\/site\/wp-json\/wp\/v2\/posts"}],"about":[{"href":"https:\/\/www.notibras.com\/site\/wp-json\/wp\/v2\/types\/post"}],"author":[{"embeddable":true,"href":"https:\/\/www.notibras.com\/site\/wp-json\/wp\/v2\/users\/2"}],"replies":[{"embeddable":true,"href":"https:\/\/www.notibras.com\/site\/wp-json\/wp\/v2\/comments?post=344009"}],"version-history":[{"count":1,"href":"https:\/\/www.notibras.com\/site\/wp-json\/wp\/v2\/posts\/344009\/revisions"}],"predecessor-version":[{"id":344011,"href":"https:\/\/www.notibras.com\/site\/wp-json\/wp\/v2\/posts\/344009\/revisions\/344011"}],"wp:featuredmedia":[{"embeddable":true,"href":"https:\/\/www.notibras.com\/site\/wp-json\/wp\/v2\/media\/344010"}],"wp:attachment":[{"href":"https:\/\/www.notibras.com\/site\/wp-json\/wp\/v2\/media?parent=344009"}],"wp:term":[{"taxonomy":"category","embeddable":true,"href":"https:\/\/www.notibras.com\/site\/wp-json\/wp\/v2\/categories?post=344009"},{"taxonomy":"post_tag","embeddable":true,"href":"https:\/\/www.notibras.com\/site\/wp-json\/wp\/v2\/tags?post=344009"}],"curies":[{"name":"wp","href":"https:\/\/api.w.org\/{rel}","templated":true}]}}