{"id":344095,"date":"2024-12-27T06:44:49","date_gmt":"2024-12-27T09:44:49","guid":{"rendered":"https:\/\/www.notibras.com\/site\/?p=344095"},"modified":"2024-12-27T06:44:49","modified_gmt":"2024-12-27T09:44:49","slug":"chineses-da-bahia-foram-vitimas-de-trafico-humano","status":"publish","type":"post","link":"https:\/\/www.notibras.com\/site\/chineses-da-bahia-foram-vitimas-de-trafico-humano\/","title":{"rendered":"Chineses da Bahia foram v\u00edtimas de tr\u00e1fico humano"},"content":{"rendered":"<p>O Minist\u00e9rio P\u00fablico Federal (MPF) e o Minist\u00e9rio P\u00fablico do Trabalho (MPT) revelaram que trabalhadores chineses resgatados em uma obra da empresa BYD, na Bahia, foram v\u00edtimas de tr\u00e1fico internacional de pessoas. As investiga\u00e7\u00f5es apontaram que esses trabalhadores eram submetidos a condi\u00e7\u00f5es an\u00e1logas \u00e0 escravid\u00e3o durante a execu\u00e7\u00e3o do projeto, que visava \u00e0 constru\u00e7\u00e3o de uma f\u00e1brica de baterias.<\/p>\n<p>Os trabalhadores foram recrutados na China e trazidos ao Brasil sob promessas de remunera\u00e7\u00e3o e condi\u00e7\u00f5es dignas de trabalho, mas, ao chegarem ao pa\u00eds, enfrentaram situa\u00e7\u00f5es degradantes. Entre as irregularidades identificadas estavam jornadas exaustivas, reten\u00e7\u00e3o de documentos, alojamentos prec\u00e1rios e restri\u00e7\u00e3o de liberdade, configurando graves viola\u00e7\u00f5es dos direitos humanos.<\/p>\n<p>A opera\u00e7\u00e3o conjunta do MPF e do MPT resultou no resgate dos trabalhadores e na responsabiliza\u00e7\u00e3o da empresa contratante e de intermedi\u00e1rios envolvidos no esquema de tr\u00e1fico. Al\u00e9m das a\u00e7\u00f5es judiciais, os \u00f3rg\u00e3os tamb\u00e9m cobraram repara\u00e7\u00f5es trabalhistas e medidas para evitar a repeti\u00e7\u00e3o de pr\u00e1ticas semelhantes.<\/p>\n<p>O caso ganhou destaque nacional e internacional, levantando debates sobre a responsabilidade de empresas multinacionais em garantir a conformidade com as legisla\u00e7\u00f5es trabalhistas e os direitos humanos nos pa\u00edses onde operam.<\/p>\n","protected":false},"excerpt":{"rendered":"<p>O Minist\u00e9rio P\u00fablico Federal (MPF) e o Minist\u00e9rio P\u00fablico do Trabalho (MPT) revelaram que trabalhadores chineses resgatados em uma obra da empresa BYD, na Bahia, foram v\u00edtimas de tr\u00e1fico internacional de pessoas. As investiga\u00e7\u00f5es apontaram que esses trabalhadores eram submetidos a condi\u00e7\u00f5es an\u00e1logas \u00e0 escravid\u00e3o durante a execu\u00e7\u00e3o do projeto, que visava \u00e0 constru\u00e7\u00e3o de [&hellip;]<\/p>\n","protected":false},"author":2,"featured_media":344096,"comment_status":"closed","ping_status":"closed","sticky":false,"template":"","format":"standard","meta":{"_acf_changed":false,"footnotes":""},"categories":[165],"tags":[],"class_list":["post-344095","post","type-post","status-publish","format-standard","has-post-thumbnail","hentry","category-nordeste"],"acf":[],"_links":{"self":[{"href":"https:\/\/www.notibras.com\/site\/wp-json\/wp\/v2\/posts\/344095","targetHints":{"allow":["GET"]}}],"collection":[{"href":"https:\/\/www.notibras.com\/site\/wp-json\/wp\/v2\/posts"}],"about":[{"href":"https:\/\/www.notibras.com\/site\/wp-json\/wp\/v2\/types\/post"}],"author":[{"embeddable":true,"href":"https:\/\/www.notibras.com\/site\/wp-json\/wp\/v2\/users\/2"}],"replies":[{"embeddable":true,"href":"https:\/\/www.notibras.com\/site\/wp-json\/wp\/v2\/comments?post=344095"}],"version-history":[{"count":1,"href":"https:\/\/www.notibras.com\/site\/wp-json\/wp\/v2\/posts\/344095\/revisions"}],"predecessor-version":[{"id":344097,"href":"https:\/\/www.notibras.com\/site\/wp-json\/wp\/v2\/posts\/344095\/revisions\/344097"}],"wp:featuredmedia":[{"embeddable":true,"href":"https:\/\/www.notibras.com\/site\/wp-json\/wp\/v2\/media\/344096"}],"wp:attachment":[{"href":"https:\/\/www.notibras.com\/site\/wp-json\/wp\/v2\/media?parent=344095"}],"wp:term":[{"taxonomy":"category","embeddable":true,"href":"https:\/\/www.notibras.com\/site\/wp-json\/wp\/v2\/categories?post=344095"},{"taxonomy":"post_tag","embeddable":true,"href":"https:\/\/www.notibras.com\/site\/wp-json\/wp\/v2\/tags?post=344095"}],"curies":[{"name":"wp","href":"https:\/\/api.w.org\/{rel}","templated":true}]}}