{"id":344098,"date":"2024-12-27T00:03:16","date_gmt":"2024-12-27T03:03:16","guid":{"rendered":"https:\/\/www.notibras.com\/site\/?p=344098"},"modified":"2024-12-27T06:56:54","modified_gmt":"2024-12-27T09:56:54","slug":"deso-programa-investir-83-milhoes-para-melhorar-abastecimento-de-agua","status":"publish","type":"post","link":"https:\/\/www.notibras.com\/site\/deso-programa-investir-83-milhoes-para-melhorar-abastecimento-de-agua\/","title":{"rendered":"Deso programa investir 83 milh\u00f5es para melhorar abastecimento de \u00e1gua"},"content":{"rendered":"<p>A Companhia de Saneamento de Sergipe anunciou um investimento de R$ 83,6 milh\u00f5es para melhorar o abastecimento de \u00e1gua em Aracaju. O montante ser\u00e1 destinado \u00e0 revitaliza\u00e7\u00e3o e amplia\u00e7\u00e3o da Esta\u00e7\u00e3o de Tratamento de \u00c1gua (ETA) j\u00e1 existente na cidade, al\u00e9m da constru\u00e7\u00e3o de uma nova unidade.<\/p>\n<p>Essas a\u00e7\u00f5es fazem parte de um plano para garantir maior efici\u00eancia no tratamento de \u00e1gua, aumentar a capacidade de atendimento e acompanhar o crescimento populacional da capital sergipana.<\/p>\n<p>A nova esta\u00e7\u00e3o e as melhorias na atual instala\u00e7\u00e3o visam assegurar a qualidade da \u00e1gua fornecida aos moradores de Aracaju, contribuindo para o bem-estar e o desenvolvimento sustent\u00e1vel da regi\u00e3o. A previs\u00e3o para o in\u00edcio das obras e os prazos para conclus\u00e3o ainda n\u00e3o foram divulgados.<\/p>\n","protected":false},"excerpt":{"rendered":"<p>A Companhia de Saneamento de Sergipe anunciou um investimento de R$ 83,6 milh\u00f5es para melhorar o abastecimento de \u00e1gua em Aracaju. O montante ser\u00e1 destinado \u00e0 revitaliza\u00e7\u00e3o e amplia\u00e7\u00e3o da Esta\u00e7\u00e3o de Tratamento de \u00c1gua (ETA) j\u00e1 existente na cidade, al\u00e9m da constru\u00e7\u00e3o de uma nova unidade. Essas a\u00e7\u00f5es fazem parte de um plano para [&hellip;]<\/p>\n","protected":false},"author":2,"featured_media":344099,"comment_status":"closed","ping_status":"closed","sticky":false,"template":"","format":"standard","meta":{"_acf_changed":false,"footnotes":""},"categories":[165],"tags":[],"class_list":["post-344098","post","type-post","status-publish","format-standard","has-post-thumbnail","hentry","category-nordeste"],"acf":[],"_links":{"self":[{"href":"https:\/\/www.notibras.com\/site\/wp-json\/wp\/v2\/posts\/344098","targetHints":{"allow":["GET"]}}],"collection":[{"href":"https:\/\/www.notibras.com\/site\/wp-json\/wp\/v2\/posts"}],"about":[{"href":"https:\/\/www.notibras.com\/site\/wp-json\/wp\/v2\/types\/post"}],"author":[{"embeddable":true,"href":"https:\/\/www.notibras.com\/site\/wp-json\/wp\/v2\/users\/2"}],"replies":[{"embeddable":true,"href":"https:\/\/www.notibras.com\/site\/wp-json\/wp\/v2\/comments?post=344098"}],"version-history":[{"count":1,"href":"https:\/\/www.notibras.com\/site\/wp-json\/wp\/v2\/posts\/344098\/revisions"}],"predecessor-version":[{"id":344100,"href":"https:\/\/www.notibras.com\/site\/wp-json\/wp\/v2\/posts\/344098\/revisions\/344100"}],"wp:featuredmedia":[{"embeddable":true,"href":"https:\/\/www.notibras.com\/site\/wp-json\/wp\/v2\/media\/344099"}],"wp:attachment":[{"href":"https:\/\/www.notibras.com\/site\/wp-json\/wp\/v2\/media?parent=344098"}],"wp:term":[{"taxonomy":"category","embeddable":true,"href":"https:\/\/www.notibras.com\/site\/wp-json\/wp\/v2\/categories?post=344098"},{"taxonomy":"post_tag","embeddable":true,"href":"https:\/\/www.notibras.com\/site\/wp-json\/wp\/v2\/tags?post=344098"}],"curies":[{"name":"wp","href":"https:\/\/api.w.org\/{rel}","templated":true}]}}