{"id":344101,"date":"2024-12-27T00:00:19","date_gmt":"2024-12-27T03:00:19","guid":{"rendered":"https:\/\/www.notibras.com\/site\/?p=344101"},"modified":"2024-12-27T07:01:54","modified_gmt":"2024-12-27T10:01:54","slug":"briga-de-facas-entre-irmaos-deixa-um-morto-na-noite-de-natal","status":"publish","type":"post","link":"https:\/\/www.notibras.com\/site\/briga-de-facas-entre-irmaos-deixa-um-morto-na-noite-de-natal\/","title":{"rendered":"Briga de facas entre irm\u00e3os deixa um morto na noite de Natal"},"content":{"rendered":"<p>Uma trag\u00e9dia marcou a noite de Natal na cidade de Guadalupe, no interior do Piau\u00ed, com a morte de Jos\u00e9 Martinho, de 30 anos, ap\u00f3s uma briga com seu irm\u00e3o, Denis Pereira, de 35 anos.<\/p>\n<p>O incidente ocorreu durante uma festa em fam\u00edlia, onde os dois trocaram facadas ap\u00f3s uma discuss\u00e3o. Guadalupe est\u00e1 localizada a cerca de 350 km de Teresina.<\/p>\n<p>As autoridades est\u00e3o investigando o caso para entender os motivos que levaram ao conflito. Denis Pereira foi detido e ser\u00e1 submetido a interrogat\u00f3rio para esclarecer os fatos.<\/p>\n<p>A comunidade local est\u00e1 abalada com o ocorrido, e amigos e familiares lamentam a trag\u00e9dia que interrompeu as celebra\u00e7\u00f5es natalinas.<\/p>\n","protected":false},"excerpt":{"rendered":"<p>Uma trag\u00e9dia marcou a noite de Natal na cidade de Guadalupe, no interior do Piau\u00ed, com a morte de Jos\u00e9 Martinho, de 30 anos, ap\u00f3s uma briga com seu irm\u00e3o, Denis Pereira, de 35 anos. O incidente ocorreu durante uma festa em fam\u00edlia, onde os dois trocaram facadas ap\u00f3s uma discuss\u00e3o. Guadalupe est\u00e1 localizada a [&hellip;]<\/p>\n","protected":false},"author":2,"featured_media":344102,"comment_status":"closed","ping_status":"closed","sticky":false,"template":"","format":"standard","meta":{"_acf_changed":false,"footnotes":""},"categories":[165],"tags":[],"class_list":["post-344101","post","type-post","status-publish","format-standard","has-post-thumbnail","hentry","category-nordeste"],"acf":[],"_links":{"self":[{"href":"https:\/\/www.notibras.com\/site\/wp-json\/wp\/v2\/posts\/344101","targetHints":{"allow":["GET"]}}],"collection":[{"href":"https:\/\/www.notibras.com\/site\/wp-json\/wp\/v2\/posts"}],"about":[{"href":"https:\/\/www.notibras.com\/site\/wp-json\/wp\/v2\/types\/post"}],"author":[{"embeddable":true,"href":"https:\/\/www.notibras.com\/site\/wp-json\/wp\/v2\/users\/2"}],"replies":[{"embeddable":true,"href":"https:\/\/www.notibras.com\/site\/wp-json\/wp\/v2\/comments?post=344101"}],"version-history":[{"count":1,"href":"https:\/\/www.notibras.com\/site\/wp-json\/wp\/v2\/posts\/344101\/revisions"}],"predecessor-version":[{"id":344103,"href":"https:\/\/www.notibras.com\/site\/wp-json\/wp\/v2\/posts\/344101\/revisions\/344103"}],"wp:featuredmedia":[{"embeddable":true,"href":"https:\/\/www.notibras.com\/site\/wp-json\/wp\/v2\/media\/344102"}],"wp:attachment":[{"href":"https:\/\/www.notibras.com\/site\/wp-json\/wp\/v2\/media?parent=344101"}],"wp:term":[{"taxonomy":"category","embeddable":true,"href":"https:\/\/www.notibras.com\/site\/wp-json\/wp\/v2\/categories?post=344101"},{"taxonomy":"post_tag","embeddable":true,"href":"https:\/\/www.notibras.com\/site\/wp-json\/wp\/v2\/tags?post=344101"}],"curies":[{"name":"wp","href":"https:\/\/api.w.org\/{rel}","templated":true}]}}