{"id":344108,"date":"2024-12-27T00:06:34","date_gmt":"2024-12-27T03:06:34","guid":{"rendered":"https:\/\/www.notibras.com\/site\/?p=344108"},"modified":"2024-12-27T07:59:07","modified_gmt":"2024-12-27T10:59:07","slug":"criancas-ficam-feridas-apos-trenzinho-tombar-na-vila-do-papai-noel","status":"publish","type":"post","link":"https:\/\/www.notibras.com\/site\/criancas-ficam-feridas-apos-trenzinho-tombar-na-vila-do-papai-noel\/","title":{"rendered":"Crian\u00e7as ficam feridas ap\u00f3s trenzinho tombar na Vila do Papai Noel"},"content":{"rendered":"<p>Duas crian\u00e7as ficaram feridas ap\u00f3s o tombamento de um trenzinho na Vila do Papai Noel, evento promovido pelo Governo do Distrito Federal na Esplanada dos Minist\u00e9rios, em Bras\u00edlia. O acidente ocorreu na tarde de Natal, quarta-feira, 25 de dezembro.<\/p>\n<p>Testemunhas relataram que o trenzinho motorizado realizava o percurso normalmente, mas, na terceira volta, um dos vag\u00f5es tombou, resultando na queda de duas meninas, Rebeca, de 11 anos, e Esther, de 9 anos. Uma delas foi arrastada pelo ve\u00edculo, sofrendo ferimentos.<\/p>\n<p>O GDF informou que o motorista foi for\u00e7ado a desviar o trajeto devido a uma pessoa que atravessou o percurso, que \u00e9 cercado. Al\u00e9m disso, o ac\u00famulo de lama na \u00e1rea de manobra contribuiu para a derrapagem e o consequente tombamento do vag\u00e3o.<\/p>\n<p>As crian\u00e7as foram atendidas por brigadistas no local e receberam curativos. A fam\u00edlia relatou que lhes foi oferecido um lanche e o valor do transporte por aplicativo para retornarem para casa, mas n\u00e3o houve acompanhamento m\u00e9dico imediato. Posteriormente, uma das meninas foi levada ao Hospital Regional de Taguatinga para avalia\u00e7\u00e3o, ap\u00f3s esperar quatro horas por atendimento.<\/p>\n<p>Em resposta ao incidente, o GDF afirmou que a lama foi removida e o cercamento do percurso refor\u00e7ado. Al\u00e9m disso, o circuito do trenzinho ser\u00e1 alterado para evitar futuros acidentes. A equipe organizadora est\u00e1 prestando suporte psicol\u00f3gico e financeiro \u00e0 fam\u00edlia durante o tratamento das crian\u00e7as.<\/p>\n","protected":false},"excerpt":{"rendered":"<p>Duas crian\u00e7as ficaram feridas ap\u00f3s o tombamento de um trenzinho na Vila do Papai Noel, evento promovido pelo Governo do Distrito Federal na Esplanada dos Minist\u00e9rios, em Bras\u00edlia. O acidente ocorreu na tarde de Natal, quarta-feira, 25 de dezembro. Testemunhas relataram que o trenzinho motorizado realizava o percurso normalmente, mas, na terceira volta, um dos [&hellip;]<\/p>\n","protected":false},"author":2,"featured_media":344109,"comment_status":"closed","ping_status":"closed","sticky":false,"template":"","format":"standard","meta":{"_acf_changed":false,"footnotes":""},"categories":[161],"tags":[],"class_list":["post-344108","post","type-post","status-publish","format-standard","has-post-thumbnail","hentry","category-quadradinho-em-foco"],"acf":[],"_links":{"self":[{"href":"https:\/\/www.notibras.com\/site\/wp-json\/wp\/v2\/posts\/344108","targetHints":{"allow":["GET"]}}],"collection":[{"href":"https:\/\/www.notibras.com\/site\/wp-json\/wp\/v2\/posts"}],"about":[{"href":"https:\/\/www.notibras.com\/site\/wp-json\/wp\/v2\/types\/post"}],"author":[{"embeddable":true,"href":"https:\/\/www.notibras.com\/site\/wp-json\/wp\/v2\/users\/2"}],"replies":[{"embeddable":true,"href":"https:\/\/www.notibras.com\/site\/wp-json\/wp\/v2\/comments?post=344108"}],"version-history":[{"count":1,"href":"https:\/\/www.notibras.com\/site\/wp-json\/wp\/v2\/posts\/344108\/revisions"}],"predecessor-version":[{"id":344110,"href":"https:\/\/www.notibras.com\/site\/wp-json\/wp\/v2\/posts\/344108\/revisions\/344110"}],"wp:featuredmedia":[{"embeddable":true,"href":"https:\/\/www.notibras.com\/site\/wp-json\/wp\/v2\/media\/344109"}],"wp:attachment":[{"href":"https:\/\/www.notibras.com\/site\/wp-json\/wp\/v2\/media?parent=344108"}],"wp:term":[{"taxonomy":"category","embeddable":true,"href":"https:\/\/www.notibras.com\/site\/wp-json\/wp\/v2\/categories?post=344108"},{"taxonomy":"post_tag","embeddable":true,"href":"https:\/\/www.notibras.com\/site\/wp-json\/wp\/v2\/tags?post=344108"}],"curies":[{"name":"wp","href":"https:\/\/api.w.org\/{rel}","templated":true}]}}