{"id":344112,"date":"2024-12-27T00:26:31","date_gmt":"2024-12-27T03:26:31","guid":{"rendered":"https:\/\/www.notibras.com\/site\/?p=344112"},"modified":"2024-12-27T08:08:55","modified_gmt":"2024-12-27T11:08:55","slug":"buriti-avanca-para-implantar-estacionamento-pago-em-2025","status":"publish","type":"post","link":"https:\/\/www.notibras.com\/site\/buriti-avanca-para-implantar-estacionamento-pago-em-2025\/","title":{"rendered":"Buriti avan\u00e7a para implantar estacionamento pago em 2025"},"content":{"rendered":"<p>O Governo do Distrito Federal vai avan\u00e7ar nos planos de lan\u00e7ar uma licita\u00e7\u00e3o com o objetivo de implementar o sistema de estacionamento rotativo pago conhecido como &#8220;Zona Verde&#8221; no centro de Bras\u00edlia. A iniciativa busca modernizar e otimizar a utiliza\u00e7\u00e3o de vagas p\u00fablicas na regi\u00e3o central da capital.<\/p>\n<p>O projeto prev\u00ea a parceria com o setor privado para a gest\u00e3o do sistema, que ser\u00e1 composto por vagas regulamentadas destinadas a carros e motos. A cobran\u00e7a ser\u00e1 feita por meio de tecnologia moderna, como aplicativos de celular, totens de pagamento e outras ferramentas que facilitem o uso pelos motoristas.<\/p>\n<p><strong>Objetivos<\/strong><br \/>\nOrganiza\u00e7\u00e3o do Espa\u00e7o Urbano: Melhorar a rotatividade das vagas, garantindo maior acessibilidade para quem precisa estacionar em \u00e1reas de alta demanda;<\/p>\n<p>Sustentabilidade: Reduzir a emiss\u00e3o de poluentes e o tr\u00e1fego gerado pela busca por vagas;<\/p>\n<p>Moderniza\u00e7\u00e3o: Introduzir sistemas de pagamento e controle digital, facilitando a fiscaliza\u00e7\u00e3o e o uso eficiente do espa\u00e7o.<\/p>\n<p><strong>Pr\u00f3ximos passos<\/strong><br \/>\nA previs\u00e3o \u00e9 que o processo licitat\u00f3rio seja aberto nos pr\u00f3ximos meses. Ap\u00f3s a contrata\u00e7\u00e3o da empresa vencedora, o sistema deve ser implementado gradativamente, com um per\u00edodo de adapta\u00e7\u00e3o para motoristas e residentes.<\/p>\n<p>A iniciativa \u00e9 vista como uma solu\u00e7\u00e3o para o problema cr\u00f4nico de falta de vagas e desorganiza\u00e7\u00e3o do estacionamento nas \u00e1reas centrais de Bras\u00edlia. No entanto, o projeto tamb\u00e9m deve enfrentar debates sobre custos, impacto no com\u00e9rcio local e aceita\u00e7\u00e3o da popula\u00e7\u00e3o.<\/p>\n","protected":false},"excerpt":{"rendered":"<p>O Governo do Distrito Federal vai avan\u00e7ar nos planos de lan\u00e7ar uma licita\u00e7\u00e3o com o objetivo de implementar o sistema de estacionamento rotativo pago conhecido como &#8220;Zona Verde&#8221; no centro de Bras\u00edlia. A iniciativa busca modernizar e otimizar a utiliza\u00e7\u00e3o de vagas p\u00fablicas na regi\u00e3o central da capital. O projeto prev\u00ea a parceria com o [&hellip;]<\/p>\n","protected":false},"author":2,"featured_media":344113,"comment_status":"closed","ping_status":"closed","sticky":false,"template":"","format":"standard","meta":{"_acf_changed":false,"footnotes":""},"categories":[161],"tags":[],"class_list":["post-344112","post","type-post","status-publish","format-standard","has-post-thumbnail","hentry","category-quadradinho-em-foco"],"acf":[],"_links":{"self":[{"href":"https:\/\/www.notibras.com\/site\/wp-json\/wp\/v2\/posts\/344112","targetHints":{"allow":["GET"]}}],"collection":[{"href":"https:\/\/www.notibras.com\/site\/wp-json\/wp\/v2\/posts"}],"about":[{"href":"https:\/\/www.notibras.com\/site\/wp-json\/wp\/v2\/types\/post"}],"author":[{"embeddable":true,"href":"https:\/\/www.notibras.com\/site\/wp-json\/wp\/v2\/users\/2"}],"replies":[{"embeddable":true,"href":"https:\/\/www.notibras.com\/site\/wp-json\/wp\/v2\/comments?post=344112"}],"version-history":[{"count":1,"href":"https:\/\/www.notibras.com\/site\/wp-json\/wp\/v2\/posts\/344112\/revisions"}],"predecessor-version":[{"id":344114,"href":"https:\/\/www.notibras.com\/site\/wp-json\/wp\/v2\/posts\/344112\/revisions\/344114"}],"wp:featuredmedia":[{"embeddable":true,"href":"https:\/\/www.notibras.com\/site\/wp-json\/wp\/v2\/media\/344113"}],"wp:attachment":[{"href":"https:\/\/www.notibras.com\/site\/wp-json\/wp\/v2\/media?parent=344112"}],"wp:term":[{"taxonomy":"category","embeddable":true,"href":"https:\/\/www.notibras.com\/site\/wp-json\/wp\/v2\/categories?post=344112"},{"taxonomy":"post_tag","embeddable":true,"href":"https:\/\/www.notibras.com\/site\/wp-json\/wp\/v2\/tags?post=344112"}],"curies":[{"name":"wp","href":"https:\/\/api.w.org\/{rel}","templated":true}]}}