{"id":344124,"date":"2024-12-27T07:18:43","date_gmt":"2024-12-27T10:18:43","guid":{"rendered":"https:\/\/www.notibras.com\/site\/?p=344124"},"modified":"2024-12-27T09:21:42","modified_gmt":"2024-12-27T12:21:42","slug":"preso-casal-de-ceilandia-que-matou-vizinha-e-simulou-suicidio","status":"publish","type":"post","link":"https:\/\/www.notibras.com\/site\/preso-casal-de-ceilandia-que-matou-vizinha-e-simulou-suicidio\/","title":{"rendered":"Preso casal de Ceil\u00e2ndia que matou vizinha e simulou suic\u00eddio"},"content":{"rendered":"<p>Agentes da 15\u00aa DP, m Ceil\u00e2ndia, deflagraram nesta sexta, 27, a opera\u00e7\u00e3o Bad Couple para o cumprimento de dois mandados de pris\u00e3o tempor\u00e1ria e de um mandado de busca e apreens\u00e3o contra um casal de 24 e 21 anos de idade.<\/p>\n<p>A pris\u00e3o foi decorrente de investiga\u00e7\u00e3o policial voltada a apurar o suic\u00eddio de uma mulher de 21 anos de idade, supostamente ocorrido na QNM 09 de Ceil\u00e2ndia.<\/p>\n<p>Durante a apura\u00e7\u00e3o verificou-se que a v\u00edtima havia sido morta pelo casal, que alugava a sua casa dos fundos.<\/p>\n<p>A dupla atraiu a v\u00edtima para a resid\u00eancia deles com o pretexto de lancharem, quando ent\u00e3o a doparam com rem\u00e9dios. Em seguida, mataram a mo\u00e7a com enforcamento e tentaram simular um poss\u00edvel suic\u00eddio.<\/p>\n<p>A verdade veio \u00e0 tona quatro dias depois, quando o casal entrou em luta corporal e o homem acabou preso por viol\u00eancia dom\u00e9stica.<\/p>\n<p>No flagrante, a mulher disse que tinha sido agredida por seu companheiro ap\u00f3s amea\u00e7ar contar toda a verdade para as autoridades policiais, ou seja, que ele havia matado a v\u00edtima com um golpe de mata le\u00e3o e simulado suic\u00eddio.<\/p>\n<p>Durante a apura\u00e7\u00e3o foram recebidas cinco den\u00fancias an\u00f4nimas informando que, ap\u00f3s o crime, o casal estava contando todo o ocorrido para algumas pessoas, ou seja, que tinham praticado o crime.<\/p>\n<p>Na opera\u00e7\u00e3o realizada nesta data, foram cumpridos os mandados de pris\u00e3o tempor\u00e1ria expedidos em desfavor dos investigados.<\/p>\n<p>Em seu interrogat\u00f3rio, a mulher confessou em parte os crime lhe imputados, tendo afirmado que a v\u00edtima foi morta por seu companheiro e que ela apenas o ajudou a simular o suic\u00eddio.<\/p>\n","protected":false},"excerpt":{"rendered":"<p>Agentes da 15\u00aa DP, m Ceil\u00e2ndia, deflagraram nesta sexta, 27, a opera\u00e7\u00e3o Bad Couple para o cumprimento de dois mandados de pris\u00e3o tempor\u00e1ria e de um mandado de busca e apreens\u00e3o contra um casal de 24 e 21 anos de idade. A pris\u00e3o foi decorrente de investiga\u00e7\u00e3o policial voltada a apurar o suic\u00eddio de uma [&hellip;]<\/p>\n","protected":false},"author":2,"featured_media":344125,"comment_status":"closed","ping_status":"closed","sticky":false,"template":"","format":"standard","meta":{"_acf_changed":false,"footnotes":""},"categories":[161],"tags":[],"class_list":["post-344124","post","type-post","status-publish","format-standard","has-post-thumbnail","hentry","category-quadradinho-em-foco"],"acf":[],"_links":{"self":[{"href":"https:\/\/www.notibras.com\/site\/wp-json\/wp\/v2\/posts\/344124","targetHints":{"allow":["GET"]}}],"collection":[{"href":"https:\/\/www.notibras.com\/site\/wp-json\/wp\/v2\/posts"}],"about":[{"href":"https:\/\/www.notibras.com\/site\/wp-json\/wp\/v2\/types\/post"}],"author":[{"embeddable":true,"href":"https:\/\/www.notibras.com\/site\/wp-json\/wp\/v2\/users\/2"}],"replies":[{"embeddable":true,"href":"https:\/\/www.notibras.com\/site\/wp-json\/wp\/v2\/comments?post=344124"}],"version-history":[{"count":1,"href":"https:\/\/www.notibras.com\/site\/wp-json\/wp\/v2\/posts\/344124\/revisions"}],"predecessor-version":[{"id":344126,"href":"https:\/\/www.notibras.com\/site\/wp-json\/wp\/v2\/posts\/344124\/revisions\/344126"}],"wp:featuredmedia":[{"embeddable":true,"href":"https:\/\/www.notibras.com\/site\/wp-json\/wp\/v2\/media\/344125"}],"wp:attachment":[{"href":"https:\/\/www.notibras.com\/site\/wp-json\/wp\/v2\/media?parent=344124"}],"wp:term":[{"taxonomy":"category","embeddable":true,"href":"https:\/\/www.notibras.com\/site\/wp-json\/wp\/v2\/categories?post=344124"},{"taxonomy":"post_tag","embeddable":true,"href":"https:\/\/www.notibras.com\/site\/wp-json\/wp\/v2\/tags?post=344124"}],"curies":[{"name":"wp","href":"https:\/\/api.w.org\/{rel}","templated":true}]}}