{"id":344140,"date":"2024-12-28T06:04:38","date_gmt":"2024-12-28T09:04:38","guid":{"rendered":"https:\/\/www.notibras.com\/site\/?p=344140"},"modified":"2024-12-28T06:04:38","modified_gmt":"2024-12-28T09:04:38","slug":"ano-comeca-com-tarifa-verde-e-alivia-valor-da-conta-de-luz-do-nordestino","status":"publish","type":"post","link":"https:\/\/www.notibras.com\/site\/ano-comeca-com-tarifa-verde-e-alivia-valor-da-conta-de-luz-do-nordestino\/","title":{"rendered":"Ano come\u00e7a com tarifa verde e alivia valor da conta de luz do nordestino"},"content":{"rendered":"<p>A melhora das condi\u00e7\u00f5es de gera\u00e7\u00e3o de energia, em especial devido \u00e0s chuvas que melhoraram os n\u00edveis dos reservat\u00f3rios das usinas hidrel\u00e9tricas, garantiram a manuten\u00e7\u00e3o da bandeira tarif\u00e1ria verde para o m\u00eas de janeiro de 2025. Com isso, n\u00e3o ser\u00e1 cobrado valor adicional nas contas de luz, informou a Ag\u00eancia Nacional de Energia El\u00e9trica. O nordestino, que paga a conta de luz mais cara do pa\u00eds, sentiu-se aliviado.<\/p>\n<p>\u201cA bandeira tarif\u00e1ria permaneceu verde de abril de 2022 at\u00e9 julho de 2024. A boa not\u00edcia se repetiu em dezembro de 2024 e ser\u00e1 mantida em janeiro de 2025 devido a perman\u00eancia das condi\u00e7\u00f5es favor\u00e1veis de gera\u00e7\u00e3o de energia no pa\u00eds\u201d, justificou a Aneel.<\/p>\n<p>De acordo com a ag\u00eancia, os n\u00edveis dos reservat\u00f3rios aumentaram com a chegada do per\u00edodo chuvoso, o que resultou em aumento da gera\u00e7\u00e3o das usinas hidrel\u00e9tricas. \u201cDessa forma, se aciona menos empreendimentos com energia mais cara, como \u00e9 o caso das usinas termel\u00e9tricas\u201d, acrescentou em nota divulgada na sexta-feira (27).<\/p>\n<p><strong>Bandeiras tarif\u00e1rias<\/strong><br \/>\nCriadas em 2015 pela Aneel, as bandeiras tarif\u00e1rias refletem os custos vari\u00e1veis da gera\u00e7\u00e3o de energia el\u00e9trica. Divididas em n\u00edveis, as bandeiras indicam quanto est\u00e1 custando para o Sistema Interligado Nacional (SIN) gerar a energia usada nas casas, em estabelecimentos comerciais e nas ind\u00fastrias.<\/p>\n<p>Quando a conta de luz \u00e9 calculada pela bandeira verde, n\u00e3o h\u00e1 nenhum acr\u00e9scimo. Quando s\u00e3o aplicadas as bandeiras vermelha ou amarela, a conta sofre acr\u00e9scimos de R$ 1,885 (bandeira amarela), R$ 4,463 (bandeira vermelha patamar 1) e R$ 7,877 (bandeira vermelha patamar 2) a cada 100 quilowatts-hora (kWh) consumidos. De setembro de 2021 a 15 de abril de 2022, vigorou uma bandeira de escassez h\u00eddrica de R$ 14,20 extras a cada 100 kWh.<\/p>\n","protected":false},"excerpt":{"rendered":"<p>A melhora das condi\u00e7\u00f5es de gera\u00e7\u00e3o de energia, em especial devido \u00e0s chuvas que melhoraram os n\u00edveis dos reservat\u00f3rios das usinas hidrel\u00e9tricas, garantiram a manuten\u00e7\u00e3o da bandeira tarif\u00e1ria verde para o m\u00eas de janeiro de 2025. Com isso, n\u00e3o ser\u00e1 cobrado valor adicional nas contas de luz, informou a Ag\u00eancia Nacional de Energia El\u00e9trica. O [&hellip;]<\/p>\n","protected":false},"author":2,"featured_media":344141,"comment_status":"closed","ping_status":"closed","sticky":false,"template":"","format":"standard","meta":{"_acf_changed":false,"footnotes":""},"categories":[165],"tags":[],"class_list":["post-344140","post","type-post","status-publish","format-standard","has-post-thumbnail","hentry","category-nordeste"],"acf":[],"_links":{"self":[{"href":"https:\/\/www.notibras.com\/site\/wp-json\/wp\/v2\/posts\/344140","targetHints":{"allow":["GET"]}}],"collection":[{"href":"https:\/\/www.notibras.com\/site\/wp-json\/wp\/v2\/posts"}],"about":[{"href":"https:\/\/www.notibras.com\/site\/wp-json\/wp\/v2\/types\/post"}],"author":[{"embeddable":true,"href":"https:\/\/www.notibras.com\/site\/wp-json\/wp\/v2\/users\/2"}],"replies":[{"embeddable":true,"href":"https:\/\/www.notibras.com\/site\/wp-json\/wp\/v2\/comments?post=344140"}],"version-history":[{"count":1,"href":"https:\/\/www.notibras.com\/site\/wp-json\/wp\/v2\/posts\/344140\/revisions"}],"predecessor-version":[{"id":344142,"href":"https:\/\/www.notibras.com\/site\/wp-json\/wp\/v2\/posts\/344140\/revisions\/344142"}],"wp:featuredmedia":[{"embeddable":true,"href":"https:\/\/www.notibras.com\/site\/wp-json\/wp\/v2\/media\/344141"}],"wp:attachment":[{"href":"https:\/\/www.notibras.com\/site\/wp-json\/wp\/v2\/media?parent=344140"}],"wp:term":[{"taxonomy":"category","embeddable":true,"href":"https:\/\/www.notibras.com\/site\/wp-json\/wp\/v2\/categories?post=344140"},{"taxonomy":"post_tag","embeddable":true,"href":"https:\/\/www.notibras.com\/site\/wp-json\/wp\/v2\/tags?post=344140"}],"curies":[{"name":"wp","href":"https:\/\/api.w.org\/{rel}","templated":true}]}}