{"id":344181,"date":"2024-12-28T00:18:09","date_gmt":"2024-12-28T03:18:09","guid":{"rendered":"https:\/\/www.notibras.com\/site\/?p=344181"},"modified":"2024-12-28T08:19:30","modified_gmt":"2024-12-28T11:19:30","slug":"educacao-ambiental-e-incorporada-ao-curriculo-das-escolas-publicas","status":"publish","type":"post","link":"https:\/\/www.notibras.com\/site\/educacao-ambiental-e-incorporada-ao-curriculo-das-escolas-publicas\/","title":{"rendered":"Educa\u00e7\u00e3o ambiental \u00e9 incorporada ao curr\u00edculo das escolas p\u00fablicas"},"content":{"rendered":"<p>A Lei n\u00ba 7.649, publicada no Di\u00e1rio Oficial na quinta-feira (26), estabelece a obrigatoriedade da inclus\u00e3o do tema transversal \u201cEduca\u00e7\u00e3o ambiental e gest\u00e3o de res\u00edduos s\u00f3lidos\u201d no curr\u00edculo da educa\u00e7\u00e3o b\u00e1sica das escolas p\u00fablicas do Distrito Federal. A medida, sancionada pelo governador Ibaneis Rocha e de autoria do deputado F\u00e1bio F\u00e9lix, visa promover a preserva\u00e7\u00e3o do Cerrado e a responsabilidade ambiental entre estudantes, educadores e a comunidade escolar.<\/p>\n<p>Com a nova legisla\u00e7\u00e3o, busca-se desenvolver uma compreens\u00e3o integrada sobre o meio ambiente, considerando as intera\u00e7\u00f5es entre seus elementos e os impactos do desenvolvimento socioecon\u00f4mico no DF. Tamb\u00e9m est\u00e1 entre as metas da lei a consolida\u00e7\u00e3o do conhecimento sobre o Cerrado, o bioma local, como um pilar essencial para o equil\u00edbrio ecol\u00f3gico e a sobreviv\u00eancia da biodiversidade regional.<\/p>\n<p>A secret\u00e1ria de Educa\u00e7\u00e3o, H\u00e9lvia Paranagu\u00e1, enfatizou a import\u00e2ncia da iniciativa. \u201c \u00c9 fundamental que toda a comunidade escolar esteja envolvida nesse processo, despertando nos estudantes, educadores e fam\u00edlias a compreens\u00e3o de que a prote\u00e7\u00e3o ambiental \u00e9 um compromisso coletivo que transcende a sala de aula e reverbera em toda a sociedade\u201d, afirmou.<\/p>\n<p>A legisla\u00e7\u00e3o traz diretrizes claras para garantir a sua efetividade, como autonomia pedag\u00f3gica, pluralismo de ideias e uma abordagem interdisciplinar. As escolas poder\u00e3o adotar uma ampla variedade de ferramentas, como livros, document\u00e1rios, a\u00e7\u00f5es comunit\u00e1rias e pe\u00e7as teatrais, para enriquecer o aprendizado e envolver os estudantes em pr\u00e1ticas sustent\u00e1veis.<\/p>\n<p>Al\u00e9m de ampliar o conhecimento, a lei busca fomentar mudan\u00e7as de comportamento, incentivando atitudes individuais e coletivas voltadas \u00e0 preserva\u00e7\u00e3o ambiental nos contextos escolar, dom\u00e9stico e comunit\u00e1rio. O objetivo \u00e9 engajar toda a comunidade escolar na mobiliza\u00e7\u00e3o social e pol\u00edtica, promovendo uma consci\u00eancia cr\u00edtica e respons\u00e1vel frente aos desafios ambientais.<\/p>\n","protected":false},"excerpt":{"rendered":"<p>A Lei n\u00ba 7.649, publicada no Di\u00e1rio Oficial na quinta-feira (26), estabelece a obrigatoriedade da inclus\u00e3o do tema transversal \u201cEduca\u00e7\u00e3o ambiental e gest\u00e3o de res\u00edduos s\u00f3lidos\u201d no curr\u00edculo da educa\u00e7\u00e3o b\u00e1sica das escolas p\u00fablicas do Distrito Federal. A medida, sancionada pelo governador Ibaneis Rocha e de autoria do deputado F\u00e1bio F\u00e9lix, visa promover a preserva\u00e7\u00e3o [&hellip;]<\/p>\n","protected":false},"author":2,"featured_media":344182,"comment_status":"closed","ping_status":"closed","sticky":false,"template":"","format":"standard","meta":{"_acf_changed":false,"footnotes":""},"categories":[161],"tags":[],"class_list":["post-344181","post","type-post","status-publish","format-standard","has-post-thumbnail","hentry","category-quadradinho-em-foco"],"acf":[],"_links":{"self":[{"href":"https:\/\/www.notibras.com\/site\/wp-json\/wp\/v2\/posts\/344181","targetHints":{"allow":["GET"]}}],"collection":[{"href":"https:\/\/www.notibras.com\/site\/wp-json\/wp\/v2\/posts"}],"about":[{"href":"https:\/\/www.notibras.com\/site\/wp-json\/wp\/v2\/types\/post"}],"author":[{"embeddable":true,"href":"https:\/\/www.notibras.com\/site\/wp-json\/wp\/v2\/users\/2"}],"replies":[{"embeddable":true,"href":"https:\/\/www.notibras.com\/site\/wp-json\/wp\/v2\/comments?post=344181"}],"version-history":[{"count":1,"href":"https:\/\/www.notibras.com\/site\/wp-json\/wp\/v2\/posts\/344181\/revisions"}],"predecessor-version":[{"id":344183,"href":"https:\/\/www.notibras.com\/site\/wp-json\/wp\/v2\/posts\/344181\/revisions\/344183"}],"wp:featuredmedia":[{"embeddable":true,"href":"https:\/\/www.notibras.com\/site\/wp-json\/wp\/v2\/media\/344182"}],"wp:attachment":[{"href":"https:\/\/www.notibras.com\/site\/wp-json\/wp\/v2\/media?parent=344181"}],"wp:term":[{"taxonomy":"category","embeddable":true,"href":"https:\/\/www.notibras.com\/site\/wp-json\/wp\/v2\/categories?post=344181"},{"taxonomy":"post_tag","embeddable":true,"href":"https:\/\/www.notibras.com\/site\/wp-json\/wp\/v2\/tags?post=344181"}],"curies":[{"name":"wp","href":"https:\/\/api.w.org\/{rel}","templated":true}]}}