{"id":344221,"date":"2024-12-29T08:50:01","date_gmt":"2024-12-29T11:50:01","guid":{"rendered":"https:\/\/www.notibras.com\/site\/?p=344221"},"modified":"2024-12-29T09:03:46","modified_gmt":"2024-12-29T12:03:46","slug":"vieira-meu-sorriso-de-coringa-e-o-porco-assado-por-um-fogao-campeao","status":"publish","type":"post","link":"https:\/\/www.notibras.com\/site\/vieira-meu-sorriso-de-coringa-e-o-porco-assado-por-um-fogao-campeao\/","title":{"rendered":"Vieira, meu sorriso de Coringa, e o &#8216;Porco&#8217; assado por um &#8216;Fog\u00e3o&#8217; campe\u00e3o"},"content":{"rendered":"<p>Carioca que sou, fui convidado por um amigo meio mineiro, meio paulista, o Vieira, para assistir a uma partida no majestoso est\u00e1dio do Palmeiras. Como eu precisava antes dar um pulo em Bras\u00edlia para encontrar meu grande companheiro e mentor, o Jos\u00e9 Seabra, editor-chefe da Sucursal Nordeste do <strong>Notibras<\/strong>, que estava de passagem pela capital da Rep\u00fablica, tive que pegar um voo direto para o aeroporto de Congonhas, onde o Vieira j\u00e1 me aguardava.<\/p>\n<p>Apesar do tr\u00e2nsito infernal, meu camarada conseguiu, que nem Garrincha, driblar todos os ve\u00edculos \u00e0 nossa frente. Tanto \u00e9 que, em pouco mais de meia hora, chegamos ao seu apartamento, onde deixei minha mochila. Ingressos na m\u00e3o, fomos a p\u00e9 at\u00e9 o Allianz Parque, que fica a poucos quarteir\u00f5es da resid\u00eancia do Vieira.<\/p>\n<p>O Palmeiras, ent\u00e3o l\u00edder do Campeonato Brasileiro, receberia o Botafogo, que havia perdido a lideran\u00e7a na rodada anterior. Como meu colega havia comprado os ingressos, nem reclamei de ser obrigado a me sentar na torcida do Verd\u00e3o. No entanto, meu cora\u00e7\u00e3o estava junto \u00e0 confiante torcida do Glorioso, que me pareceu muito mais barulhenta do que a maioria esmagadora de alviverdes.<\/p>\n<p>Como qualquer torcedor ajuizado que est\u00e1 rodeado de apaixonados pelo time advers\u00e1rio, acompanhei a partida com indiferen\u00e7a. \u00c9 verdade que, vez ou outra, me levantei para ver se o ataque do meu time me daria alegria. Entretanto, ao inv\u00e9s de reclamar do lance perdido, gritei que o atacante estava impedido, mesmo que praticamente toda zaga do Palmeiras desse condi\u00e7\u00e3o.<\/p>\n<p>Aos trancos e barrancos, fui sobrevivendo, at\u00e9 que o meu time abriu o placar. Pra qu\u00ea? Quase grito gol, mas um resqu\u00edcio de sanidade me manteve mudo. Se bem que, depois eu soube pelo Vieira, que n\u00e3o consegui esconder meu sorriso de Coringa.<\/p>\n<p>Quase final de partida, o Botafogo vencia por tr\u00eas a zero, quando, j\u00e1 nos acr\u00e9scimos, o time da casa conseguiu marcar o gol de honra. Apito derradeiro, os botafoguenses pulavam que nem loucos, enquanto os palmeirenses xingavam o time e o t\u00e9cnico. E eu no meio daquela muvuca, at\u00e9 que o Vieira me puxou pelo bra\u00e7o.<\/p>\n<p>\u2014 Edu, vamos?<\/p>\n<p>Retornamos para o apartamento do meu amigo, que estava deploravelmente abatido. Ele sabia que o Botafogo havia praticamente garantido o t\u00edtulo na reta final do campeonato. O time carioca ainda teria que enfrentar o Atl\u00e9tico Mineiro em Buenos Aires para sagrar-se campe\u00e3o da Libertadores. E, como estamos em tempos de Botafogo, n\u00e3o deu para o Galo nem pro Porco. O Glorioso faturou os dois canecos.<\/p>\n<p>Logo ap\u00f3s o Botafogo ser campe\u00e3o brasileiro, o Vieira, torcedor da paz, telefonou para me dar os parab\u00e9ns. N\u00e3o sou de tirar onda com os derrotados, mas n\u00e3o resisti e mandei essa:<\/p>\n<p>\u2014 Pois \u00e9, meu amigo, e dizem que esse \u00e9 o pior Botafogo dos pr\u00f3ximos 10 anos.<\/p>\n<p>&#8230;&#8230;&#8230;&#8230;&#8230;&#8230;&#8230;&#8230;&#8230;&#8230;&#8230;&#8230;.<\/p>\n<div>*<strong>Eduardo Mart\u00ednez \u00e9 autor do livro \u201c57 Contos e Cr\u00f4nicas por um Autor muito Velho\u201d.<\/strong><\/div>\n<div>\n<div class=\"mvp-post-soc-in\">\n<div id=\"mvp-content-body\" class=\"left relative\">\n<div id=\"mvp-content-body-top\" class=\"left relative\">\n<div id=\"mvp-content-main\" class=\"left relative\">\n<p>Compre aqui\u00a0<span class=\"x19la9d6 x1fc57z9 x6ikm8r x10wlt62 x19co3pv x1g5zs5t xfibh0p xiy17q3 x1xsqp64 x1lkfr7t xexx8yu x4uap5 x18d9i69 xkhd6sd\"><span class=\"xrtxmta x1bhl96m\"><img decoding=\"async\" class=\"emoji\" role=\"img\" draggable=\"false\" src=\"https:\/\/s.w.org\/images\/core\/emoji\/14.0.0\/svg\/1f447-1f3ff.svg\" alt=\"&#x1f447;&#x1f3ff;\" \/><\/span><\/span><span class=\"x19la9d6 x1fc57z9 x6ikm8r x10wlt62 x19co3pv x1g5zs5t xfibh0p xiy17q3 x1xsqp64 x1lkfr7t xexx8yu x4uap5 x18d9i69 xkhd6sd\"><span class=\"xrtxmta x1bhl96m\"><img decoding=\"async\" class=\"emoji\" role=\"img\" draggable=\"false\" src=\"https:\/\/s.w.org\/images\/core\/emoji\/14.0.0\/svg\/1f447-1f3ff.svg\" alt=\"&#x1f447;&#x1f3ff;\" \/><\/span><\/span><span class=\"x19la9d6 x1fc57z9 x6ikm8r x10wlt62 x19co3pv x1g5zs5t xfibh0p xiy17q3 x1xsqp64 x1lkfr7t xexx8yu x4uap5 x18d9i69 xkhd6sd\"><span class=\"xrtxmta x1bhl96m\"><img decoding=\"async\" class=\"emoji\" role=\"img\" draggable=\"false\" src=\"https:\/\/s.w.org\/images\/core\/emoji\/14.0.0\/svg\/1f447-1f3ff.svg\" alt=\"&#x1f447;&#x1f3ff;\" \/><\/span><\/span><\/p>\n<p><a href=\"http:\/\/www.joanineditora.com.br\/57-contos-e-cronicas-por-um-autor-muito-velho\">http:\/\/www.joanineditora.com.br\/57-contos-e-cronicas-por-um-autor-muito-velho<\/a><\/p>\n<\/div>\n<\/div>\n<\/div>\n<\/div>\n<\/div>\n","protected":false},"excerpt":{"rendered":"<p>Carioca que sou, fui convidado por um amigo meio mineiro, meio paulista, o Vieira, para assistir a uma partida no majestoso est\u00e1dio do Palmeiras. Como eu precisava antes dar um pulo em Bras\u00edlia para encontrar meu grande companheiro e mentor, o Jos\u00e9 Seabra, editor-chefe da Sucursal Nordeste do Notibras, que estava de passagem pela capital [&hellip;]<\/p>\n","protected":false},"author":2,"featured_media":344222,"comment_status":"closed","ping_status":"closed","sticky":false,"template":"","format":"standard","meta":{"_acf_changed":false,"footnotes":""},"categories":[161],"tags":[],"class_list":["post-344221","post","type-post","status-publish","format-standard","has-post-thumbnail","hentry","category-quadradinho-em-foco"],"acf":[],"_links":{"self":[{"href":"https:\/\/www.notibras.com\/site\/wp-json\/wp\/v2\/posts\/344221","targetHints":{"allow":["GET"]}}],"collection":[{"href":"https:\/\/www.notibras.com\/site\/wp-json\/wp\/v2\/posts"}],"about":[{"href":"https:\/\/www.notibras.com\/site\/wp-json\/wp\/v2\/types\/post"}],"author":[{"embeddable":true,"href":"https:\/\/www.notibras.com\/site\/wp-json\/wp\/v2\/users\/2"}],"replies":[{"embeddable":true,"href":"https:\/\/www.notibras.com\/site\/wp-json\/wp\/v2\/comments?post=344221"}],"version-history":[{"count":3,"href":"https:\/\/www.notibras.com\/site\/wp-json\/wp\/v2\/posts\/344221\/revisions"}],"predecessor-version":[{"id":344225,"href":"https:\/\/www.notibras.com\/site\/wp-json\/wp\/v2\/posts\/344221\/revisions\/344225"}],"wp:featuredmedia":[{"embeddable":true,"href":"https:\/\/www.notibras.com\/site\/wp-json\/wp\/v2\/media\/344222"}],"wp:attachment":[{"href":"https:\/\/www.notibras.com\/site\/wp-json\/wp\/v2\/media?parent=344221"}],"wp:term":[{"taxonomy":"category","embeddable":true,"href":"https:\/\/www.notibras.com\/site\/wp-json\/wp\/v2\/categories?post=344221"},{"taxonomy":"post_tag","embeddable":true,"href":"https:\/\/www.notibras.com\/site\/wp-json\/wp\/v2\/tags?post=344221"}],"curies":[{"name":"wp","href":"https:\/\/api.w.org\/{rel}","templated":true}]}}