{"id":34424,"date":"2015-01-19T00:27:19","date_gmt":"2015-01-19T03:27:19","guid":{"rendered":"http:\/\/www.notibras.com\/site\/?p=34424"},"modified":"2015-01-19T15:17:20","modified_gmt":"2015-01-19T18:17:20","slug":"toplessaco-chama-musas-e-gera-debate-sobre-padrao-de-beleza-em-ipanema","status":"publish","type":"post","link":"https:\/\/www.notibras.com\/site\/toplessaco-chama-musas-e-gera-debate-sobre-padrao-de-beleza-em-ipanema\/","title":{"rendered":"Toplessa\u00e7o chama musas e gera debate sobre a beleza"},"content":{"rendered":"<p class=\"text\">A apresenta\u00e7\u00e3o das musas do &#8216;Toplessa\u00e7o&#8217;\u00a0em Ipanema, no Rio, programada para esta ter\u00e7a-feira 20, voltar\u00e1 a chamar aten\u00e7\u00e3o para a causa do topless \u2013 pr\u00e1tica ainda tabu nas areias brasileiras, embora considerada corriqueira em muitas praias europeias.<\/p>\n<p class=\"text\">Escolhidas no fim do ano passado, as duas musas do chamado &#8216;Toplessa\u00e7o\u00a02&#8217;, que busca promover a pr\u00e1tica na cidade, receber\u00e3o suas faixas no dia de S\u00e3o Sebasti\u00e3o, padroeiro do Rio. A festa \u00e9 para apresentar as vencedoras &#8220;em carne e osso&#8221;, como informa o site Topless in Rio.<\/p>\n<p class=\"text\">Mas o formato de concurso de beleza para defender a libera\u00e7\u00e3o do topless desperta cr\u00edticas. Para muitos, \u00e9 uma distor\u00e7\u00e3o da ideia de que a pr\u00e1tica deve ser vista como natural, e n\u00e3o associada \u00e0 beleza ou sensualidade.<\/p>\n<blockquote>\n<p class=\"text\">O evento \u00e9 um desdobramento do primeiro Toplessa\u00e7o, uma manifesta\u00e7\u00e3o convocada em dezembro de 2013. Oito mil mulheres haviam aderido \u00e0 ideia de ir \u00e0 praia topless em Ipanema para defender a naturaliza\u00e7\u00e3o da pr\u00e1tica.<\/p>\n<\/blockquote>\n<p class=\"text\">Mas o resultado foi um fiasco, com a presen\u00e7a maci\u00e7a da imprensa e uma multid\u00e3o de homens querendo &#8216;ver peitinho&#8217; \u2013 inibindo qualquer pretens\u00e3o \u00e0 naturalidade.<\/p>\n<p class=\"text\">De l\u00e1 para c\u00e1, nada mudou nas areias cariocas. Mas no exterior, o debate sobre o topless, a liberdade do corpo feminino e o peso de padr\u00f5es est\u00e9ticos vem aumentando, provocado por movimentos como o &#8216;Free the nipple&#8217; (Liberte o mamilo) \u2013 que defende o direito de mulheres manterem o torso nu em lugares p\u00fablicos \u2013 e p\u00e1ginas nas redes sociais onde essa liberdade \u00e9 exercitada.<\/p>\n<p class=\"text\">H\u00e1, por exemplo, um perfil no Instagram em que\u00a0usu\u00e1rias compartilham suas fotos com os seios de fora em paisagens do mundo todo, de costas para a c\u00e2mera.<\/p>\n<p class=\"text\">O Toplessa\u00e7o\u00a02 traz a causa \u00e0 tona novamente, mas n\u00e3o \u00e9 bem uma segunda edi\u00e7\u00e3o da primeira manifesta\u00e7\u00e3o. Organizadoras e filosofias s\u00e3o diferentes.<\/p>\n<p class=\"text\">A atriz e ativista Ana Rios, organizadora do movimento original, n\u00e3o tem v\u00ednculo com o novo Toplessa\u00e7o, mas acha que o concurso para eleger uma musa &#8220;desconfigura completamente&#8221; a ideia original.\u00a0&#8220;Acho uma pena, porque tudo que a gente queria era ajudar a construir uma sociedade em que o corpo pudesse ser mais livre. Um movimento coletivo, em que todas as mulheres pudessem se sentir bem&#8221;, explica.\u00a0&#8220;Um concurso \u00e9 o oposto disso. \u00c9 uma forma de voltar a determinar padr\u00f5es, determinar que algu\u00e9m \u00e9 melhor, mais bonito, mais interessante, e alimentar essa eterna disputa em que vivemos.&#8221;<\/p>\n<p>A antrop\u00f3loga Mirian Goldenberg enxerga no modelo atual uma contradi\u00e7\u00e3o t\u00edpica da cultura do corpo feminino carioca. Ela evoca o conceito do &#8220;equil\u00edbrio de antagonismos&#8221; usado pelo soci\u00f3logo Gilberto Freyre. &#8220;Ter uma musa do topless \u00e9 um equil\u00edbrio de contradi\u00e7\u00f5es. \u00c9 querer juntar duas coisas opostas: ter liberdade com o pr\u00f3prio corpo e ao mesmo tempo ser a mulher mais sexy do planeta&#8221;, diz Mirian, professora do N\u00facleo de Estudos de Sexualidade e G\u00eanero da Universidade Federal do Rio de Janeiro (UFRJ) e autora dos livros O corpo como capital e Nu e vestido \u2013 dez antrop\u00f3logos revelam a cultura do corpo carioca .<\/p>\n<p>Mirian diz que a ideia do topless \u00e9 prejudicada no Brasil, porque n\u00e3o necessariamente corresponde \u00e0 liberta\u00e7\u00e3o idealizada.<\/p>\n<blockquote><p>Como conciliar os ideais de descontra\u00e7\u00e3o e conforto com o pr\u00f3prio corpo com a forte imposi\u00e7\u00e3o de padr\u00f5es de beleza entranhados na cultura brasileira? &#8220;O problema \u00e9 que a mulher brasileira \u00e9 prisioneira do pr\u00f3prio corpo. N\u00e3o conseguiu se libertar desse ideal de ser magra, sarada, jovem, gostosa. Mesmo sendo intelectual, quer ser sexy at\u00e9 morrer \u2013 ou at\u00e9 ficar bem velha&#8221;, diz Mirian. &#8220;Ent\u00e3o o topless \u00e9 visto como outra forma de exibir sexualmente o corpo.&#8221;<\/p><\/blockquote>\n<p class=\"text\">Organizadora do evento atual, a produtora e jornalista Ana Paula Nogueira defende a elei\u00e7\u00e3o das musas como uma forma de inspirar outras mulheres.<\/p>\n<p class=\"text\">Ela enfatiza o fato de ter sido aberto a &#8220;qualquer tipo de mulher&#8221; e que os quesitos n\u00e3o eram apenas beleza, mas tamb\u00e9m ter atitude e &#8220;peito&#8221; para encarar a vida.\u00a0&#8220;Naquele primeiro evento, percebemos que havia muito preconceito em rela\u00e7\u00e3o ao topless. A discuss\u00e3o de repente se voltou para os tipos femininos, sobre quem teria direito de fazer o topless ou n\u00e3o, e quisemos fazer esse concurso para quebrar os estere\u00f3tipos de beleza&#8221;, argumenta.<\/p>\n<p class=\"text\">Em 2013, Ana Paula participou e acabou virando o rosto do Toplessa\u00e7o. Encarou de topless o circo midi\u00e1tico que se formou na praia e logo estava cercada de fot\u00f3grafos, cinegrafistas e rep\u00f3rteres.<\/p>\n<p>De l\u00e1 para c\u00e1, participou de ensaios fotogr\u00e1ficos sensuais, criou o site Topless in Rio e d\u00e1 prosseguimento \u00e0 causa \u00e0 sua maneira, ainda usando o nome Toplessa\u00e7o, embora confirme que a proposta seja &#8220;totalmente diferente&#8221;. &#8220;Queremos democratizar a praia. Na vis\u00e3o rom\u00e2ntica, \u00e9 um lugar aberto para as diferen\u00e7as, desencanado, mas na pr\u00e1tica voc\u00ea s\u00f3 \u00e9 bem aceito se tem um corpo malhado. Tem toda uma ditadura da praia no Rio e quisemos dar uma sacodida&#8221;, diz.<\/p>\n<p>As fotos de divulga\u00e7\u00e3o do evento, bem produzidas e tiradas por fot\u00f3grafos de moda, mostram a antiga e as novas musas posando na areia.<\/p>\n<blockquote><p>Cerca de 50 mulheres se inscreveram no concurso, e as eleitas foram Karla Clemente, bailarina e atriz; e Natache Iamaya, que \u00e9 cadeirante devido a uma doen\u00e7a degenerativa \u2013 e vem trazendo visibilidade para a quest\u00e3o da falta de acessibilidade para deficientes f\u00edsicos na praia.<\/p>\n<p>A escolha foi feita por voto popular e por um j\u00fari composto por nomes como o cantor Otto, o fot\u00f3grafo Marcelo Faustini e o dono da ag\u00eancia 40 Graus Models, S\u00e9rgio Mattos.<\/p><\/blockquote>\n<p>Mattos acha que as musas podem inspirar outras mulheres a serem mais confiantes de seus corpos. &#8220;Achei superv\u00e1lida a proposta&#8221;, diz Mattos. &#8220;A cultura brasileira tem essa coisa muito hip\u00f3crita. As mulheres est\u00e3o quase nuas, usam fio dental, mas chega na hora de mostrar o seio e tem esse preconceito. O brasileiro est\u00e1 acostumado a ver bunda, n\u00e3o tem problema. Peito n\u00e3o, acha ex\u00f3tico. J\u00e1 est\u00e1 na hora de as pessoas amadurecerem para quebrar esses tabus.&#8221;<\/p>\n<p>Mas em lugares onde o topless \u00e9 uma pr\u00e1tica comum, como a Espanha ou a Fran\u00e7a, essa exposi\u00e7\u00e3o n\u00e3o \u00e9 associada \u00e0 sexualidade, diz Mirian Goldenberg. &#8220;Mulheres de 60, 70 anos fazem topless e ningu\u00e9m olha. Tem a ver com liberdade com o pr\u00f3prio corpo.&#8221;<\/p>\n<p>Ela conta j\u00e1 ter ouvido depoimentos de muitas estrangeiras que ficaram constrangidas ao tentar fazer topless aqui por terem se sentido olhadas como objeto sexual, algo que n\u00e3o aconteceria em seus pa\u00edses de origem.<\/p>\n<p>Esse olhar, em grande parte, inviabilizou o Toplessa\u00e7o em 2013. Ana Rios, organizadora do primeiro evento, n\u00e3o esquece a decep\u00e7\u00e3o. &#8220;Foi muito violento o que aconteceu. A gente falando de como fazer o corpo n\u00e3o ser visto como objeto, e de repente uma quantidade assombrosa de homens ali para ver peitos, com cara de bab\u00e3o.&#8221;<\/p>\n<blockquote><p>Em contraposi\u00e7\u00e3o \u00e0 ideia das musas do Toplessa\u00e7o, ela preferiu aderir a um outro movimento: o &#8216;Somos Todos Musas&#8217;, um bloco criado para o pr\u00f3ximo Carnaval que prega exatamente o que o nome diz.<\/p><\/blockquote>\n<p>N\u00e3o tem classifica\u00e7\u00e3o nem hierarquia. &#8220;Acho que a grande quest\u00e3o \u00e9 essa \u2013 somos todas musas. O que a gente precisa no mundo \u00e9 de musas no sentido de pessoas que inspirem. N\u00e3o que inspirem formas perfeitas e sim mudan\u00e7as, liberdade. Com todos os corpos e todas as formas&#8221;, defende a atriz.<\/p>\n<p class=\"text\">\n","protected":false},"excerpt":{"rendered":"<p>A apresenta\u00e7\u00e3o das musas do &#8216;Toplessa\u00e7o&#8217;\u00a0em Ipanema, no Rio, programada para esta ter\u00e7a-feira 20, voltar\u00e1 a chamar aten\u00e7\u00e3o para a causa do topless \u2013 pr\u00e1tica ainda tabu nas areias brasileiras, embora considerada corriqueira em muitas praias europeias. Escolhidas no fim do ano passado, as duas musas do chamado &#8216;Toplessa\u00e7o\u00a02&#8217;, que busca promover a pr\u00e1tica na [&hellip;]<\/p>\n","protected":false},"author":2,"featured_media":34425,"comment_status":"open","ping_status":"closed","sticky":false,"template":"","format":"standard","meta":{"_acf_changed":false,"footnotes":""},"categories":[16],"tags":[],"class_list":["post-34424","post","type-post","status-publish","format-standard","has-post-thumbnail","hentry","category-brasil"],"acf":[],"yoast_head":"<!-- This site is optimized with the Yoast SEO plugin v27.2 - https:\/\/yoast.com\/product\/yoast-seo-wordpress\/ -->\n<title>Toplessa\u00e7o chama musas e gera debate sobre a beleza - Notibras<\/title>\n<meta name=\"robots\" content=\"index, follow, max-snippet:-1, max-image-preview:large, max-video-preview:-1\" \/>\n<link rel=\"canonical\" href=\"https:\/\/www.notibras.com\/site\/toplessaco-chama-musas-e-gera-debate-sobre-padrao-de-beleza-em-ipanema\/\" \/>\n<meta property=\"og:locale\" content=\"pt_BR\" \/>\n<meta property=\"og:type\" content=\"article\" \/>\n<meta property=\"og:title\" content=\"Toplessa\u00e7o chama musas e gera debate sobre a beleza - Notibras\" \/>\n<meta property=\"og:description\" content=\"A apresenta\u00e7\u00e3o das musas do &#8216;Toplessa\u00e7o&#8217;\u00a0em Ipanema, no Rio, programada para esta ter\u00e7a-feira 20, voltar\u00e1 a chamar aten\u00e7\u00e3o para a causa do topless \u2013 pr\u00e1tica ainda tabu nas areias brasileiras, embora considerada corriqueira em muitas praias europeias. Escolhidas no fim do ano passado, as duas musas do chamado &#8216;Toplessa\u00e7o\u00a02&#8217;, que busca promover a pr\u00e1tica na [&hellip;]\" \/>\n<meta property=\"og:url\" content=\"https:\/\/www.notibras.com\/site\/toplessaco-chama-musas-e-gera-debate-sobre-padrao-de-beleza-em-ipanema\/\" \/>\n<meta property=\"og:site_name\" content=\"Notibras\" \/>\n<meta property=\"article:publisher\" content=\"https:\/\/www.facebook.com\/notibras\/\" \/>\n<meta property=\"article:published_time\" content=\"2015-01-19T03:27:19+00:00\" \/>\n<meta property=\"article:modified_time\" content=\"2015-01-19T18:17:20+00:00\" \/>\n<meta property=\"og:image\" content=\"https:\/\/www.notibras.com\/site\/wp-content\/uploads\/2015\/01\/20131206toplessaco1.jpg\" \/>\n\t<meta property=\"og:image:width\" content=\"690\" \/>\n\t<meta property=\"og:image:height\" content=\"507\" \/>\n\t<meta property=\"og:image:type\" content=\"image\/jpeg\" \/>\n<meta name=\"author\" content=\"Reda\u00e7\u00e3o\" \/>\n<meta name=\"twitter:card\" content=\"summary_large_image\" \/>\n<meta name=\"twitter:creator\" content=\"@Notibras\" \/>\n<meta name=\"twitter:site\" content=\"@Notibras\" \/>\n<meta name=\"twitter:label1\" content=\"Escrito por\" \/>\n\t<meta name=\"twitter:data1\" content=\"Reda\u00e7\u00e3o\" \/>\n\t<meta name=\"twitter:label2\" content=\"Est. tempo de leitura\" \/>\n\t<meta name=\"twitter:data2\" content=\"6 minutos\" \/>\n<script type=\"application\/ld+json\" class=\"yoast-schema-graph\">{\"@context\":\"https:\/\/schema.org\",\"@graph\":[{\"@type\":\"Article\",\"@id\":\"https:\/\/www.notibras.com\/site\/toplessaco-chama-musas-e-gera-debate-sobre-padrao-de-beleza-em-ipanema\/#article\",\"isPartOf\":{\"@id\":\"https:\/\/www.notibras.com\/site\/toplessaco-chama-musas-e-gera-debate-sobre-padrao-de-beleza-em-ipanema\/\"},\"author\":{\"name\":\"Reda\u00e7\u00e3o\",\"@id\":\"https:\/\/www.notibras.com\/site\/#\/schema\/person\/36ab0979449956132d3e5b517ea76ac8\"},\"headline\":\"Toplessa\u00e7o chama musas e gera debate sobre a beleza\",\"datePublished\":\"2015-01-19T03:27:19+00:00\",\"dateModified\":\"2015-01-19T18:17:20+00:00\",\"mainEntityOfPage\":{\"@id\":\"https:\/\/www.notibras.com\/site\/toplessaco-chama-musas-e-gera-debate-sobre-padrao-de-beleza-em-ipanema\/\"},\"wordCount\":1279,\"commentCount\":0,\"publisher\":{\"@id\":\"https:\/\/www.notibras.com\/site\/#organization\"},\"image\":{\"@id\":\"https:\/\/www.notibras.com\/site\/toplessaco-chama-musas-e-gera-debate-sobre-padrao-de-beleza-em-ipanema\/#primaryimage\"},\"thumbnailUrl\":\"https:\/\/www.notibras.com\/site\/wp-content\/uploads\/2015\/01\/20131206toplessaco1.jpg\",\"articleSection\":[\"Brasil\"],\"inLanguage\":\"pt-BR\",\"potentialAction\":[{\"@type\":\"CommentAction\",\"name\":\"Comment\",\"target\":[\"https:\/\/www.notibras.com\/site\/toplessaco-chama-musas-e-gera-debate-sobre-padrao-de-beleza-em-ipanema\/#respond\"]}]},{\"@type\":\"WebPage\",\"@id\":\"https:\/\/www.notibras.com\/site\/toplessaco-chama-musas-e-gera-debate-sobre-padrao-de-beleza-em-ipanema\/\",\"url\":\"https:\/\/www.notibras.com\/site\/toplessaco-chama-musas-e-gera-debate-sobre-padrao-de-beleza-em-ipanema\/\",\"name\":\"Toplessa\u00e7o chama musas e gera debate sobre a beleza - Notibras\",\"isPartOf\":{\"@id\":\"https:\/\/www.notibras.com\/site\/#website\"},\"primaryImageOfPage\":{\"@id\":\"https:\/\/www.notibras.com\/site\/toplessaco-chama-musas-e-gera-debate-sobre-padrao-de-beleza-em-ipanema\/#primaryimage\"},\"image\":{\"@id\":\"https:\/\/www.notibras.com\/site\/toplessaco-chama-musas-e-gera-debate-sobre-padrao-de-beleza-em-ipanema\/#primaryimage\"},\"thumbnailUrl\":\"https:\/\/www.notibras.com\/site\/wp-content\/uploads\/2015\/01\/20131206toplessaco1.jpg\",\"datePublished\":\"2015-01-19T03:27:19+00:00\",\"dateModified\":\"2015-01-19T18:17:20+00:00\",\"breadcrumb\":{\"@id\":\"https:\/\/www.notibras.com\/site\/toplessaco-chama-musas-e-gera-debate-sobre-padrao-de-beleza-em-ipanema\/#breadcrumb\"},\"inLanguage\":\"pt-BR\",\"potentialAction\":[{\"@type\":\"ReadAction\",\"target\":[\"https:\/\/www.notibras.com\/site\/toplessaco-chama-musas-e-gera-debate-sobre-padrao-de-beleza-em-ipanema\/\"]}]},{\"@type\":\"ImageObject\",\"inLanguage\":\"pt-BR\",\"@id\":\"https:\/\/www.notibras.com\/site\/toplessaco-chama-musas-e-gera-debate-sobre-padrao-de-beleza-em-ipanema\/#primaryimage\",\"url\":\"https:\/\/www.notibras.com\/site\/wp-content\/uploads\/2015\/01\/20131206toplessaco1.jpg\",\"contentUrl\":\"https:\/\/www.notibras.com\/site\/wp-content\/uploads\/2015\/01\/20131206toplessaco1.jpg\",\"width\":690,\"height\":507},{\"@type\":\"BreadcrumbList\",\"@id\":\"https:\/\/www.notibras.com\/site\/toplessaco-chama-musas-e-gera-debate-sobre-padrao-de-beleza-em-ipanema\/#breadcrumb\",\"itemListElement\":[{\"@type\":\"ListItem\",\"position\":1,\"name\":\"In\u00edcio\",\"item\":\"https:\/\/www.notibras.com\/site\/\"},{\"@type\":\"ListItem\",\"position\":2,\"name\":\"Toplessa\u00e7o chama musas e gera debate sobre a beleza\"}]},{\"@type\":\"WebSite\",\"@id\":\"https:\/\/www.notibras.com\/site\/#website\",\"url\":\"https:\/\/www.notibras.com\/site\/\",\"name\":\"Notibras\",\"description\":\"Not\u00edcias de Bras\u00edlia, do Brasil e do Mundo\",\"publisher\":{\"@id\":\"https:\/\/www.notibras.com\/site\/#organization\"},\"potentialAction\":[{\"@type\":\"SearchAction\",\"target\":{\"@type\":\"EntryPoint\",\"urlTemplate\":\"https:\/\/www.notibras.com\/site\/?s={search_term_string}\"},\"query-input\":{\"@type\":\"PropertyValueSpecification\",\"valueRequired\":true,\"valueName\":\"search_term_string\"}}],\"inLanguage\":\"pt-BR\"},{\"@type\":\"Organization\",\"@id\":\"https:\/\/www.notibras.com\/site\/#organization\",\"name\":\"Grupo Notibras de Comunica\u00e7\u00e3o\",\"url\":\"https:\/\/www.notibras.com\/site\/\",\"logo\":{\"@type\":\"ImageObject\",\"inLanguage\":\"pt-BR\",\"@id\":\"https:\/\/www.notibras.com\/site\/#\/schema\/logo\/image\/\",\"url\":\"https:\/\/www.notibras.com\/site\/wp-content\/uploads\/2023\/01\/notibras23.png\",\"contentUrl\":\"https:\/\/www.notibras.com\/site\/wp-content\/uploads\/2023\/01\/notibras23.png\",\"width\":350,\"height\":87,\"caption\":\"Grupo Notibras de Comunica\u00e7\u00e3o\"},\"image\":{\"@id\":\"https:\/\/www.notibras.com\/site\/#\/schema\/logo\/image\/\"},\"sameAs\":[\"https:\/\/www.facebook.com\/notibras\/\",\"https:\/\/x.com\/Notibras\",\"https:\/\/www.instagram.com\/notibras\/\"]},{\"@type\":\"Person\",\"@id\":\"https:\/\/www.notibras.com\/site\/#\/schema\/person\/36ab0979449956132d3e5b517ea76ac8\",\"name\":\"Reda\u00e7\u00e3o\",\"image\":{\"@type\":\"ImageObject\",\"inLanguage\":\"pt-BR\",\"@id\":\"https:\/\/secure.gravatar.com\/avatar\/e0a867bdedb85fd243eadf09663511f96fc81e0720a4a42581f334ad4303aa6b?s=96&d=mm&r=g\",\"url\":\"https:\/\/secure.gravatar.com\/avatar\/e0a867bdedb85fd243eadf09663511f96fc81e0720a4a42581f334ad4303aa6b?s=96&d=mm&r=g\",\"contentUrl\":\"https:\/\/secure.gravatar.com\/avatar\/e0a867bdedb85fd243eadf09663511f96fc81e0720a4a42581f334ad4303aa6b?s=96&d=mm&r=g\",\"caption\":\"Reda\u00e7\u00e3o\"}}]}<\/script>\n<!-- \/ Yoast SEO plugin. -->","yoast_head_json":{"title":"Toplessa\u00e7o chama musas e gera debate sobre a beleza - Notibras","robots":{"index":"index","follow":"follow","max-snippet":"max-snippet:-1","max-image-preview":"max-image-preview:large","max-video-preview":"max-video-preview:-1"},"canonical":"https:\/\/www.notibras.com\/site\/toplessaco-chama-musas-e-gera-debate-sobre-padrao-de-beleza-em-ipanema\/","og_locale":"pt_BR","og_type":"article","og_title":"Toplessa\u00e7o chama musas e gera debate sobre a beleza - Notibras","og_description":"A apresenta\u00e7\u00e3o das musas do &#8216;Toplessa\u00e7o&#8217;\u00a0em Ipanema, no Rio, programada para esta ter\u00e7a-feira 20, voltar\u00e1 a chamar aten\u00e7\u00e3o para a causa do topless \u2013 pr\u00e1tica ainda tabu nas areias brasileiras, embora considerada corriqueira em muitas praias europeias. Escolhidas no fim do ano passado, as duas musas do chamado &#8216;Toplessa\u00e7o\u00a02&#8217;, que busca promover a pr\u00e1tica na [&hellip;]","og_url":"https:\/\/www.notibras.com\/site\/toplessaco-chama-musas-e-gera-debate-sobre-padrao-de-beleza-em-ipanema\/","og_site_name":"Notibras","article_publisher":"https:\/\/www.facebook.com\/notibras\/","article_published_time":"2015-01-19T03:27:19+00:00","article_modified_time":"2015-01-19T18:17:20+00:00","og_image":[{"width":690,"height":507,"url":"https:\/\/www.notibras.com\/site\/wp-content\/uploads\/2015\/01\/20131206toplessaco1.jpg","type":"image\/jpeg"}],"author":"Reda\u00e7\u00e3o","twitter_card":"summary_large_image","twitter_creator":"@Notibras","twitter_site":"@Notibras","twitter_misc":{"Escrito por":"Reda\u00e7\u00e3o","Est. tempo de leitura":"6 minutos"},"schema":{"@context":"https:\/\/schema.org","@graph":[{"@type":"Article","@id":"https:\/\/www.notibras.com\/site\/toplessaco-chama-musas-e-gera-debate-sobre-padrao-de-beleza-em-ipanema\/#article","isPartOf":{"@id":"https:\/\/www.notibras.com\/site\/toplessaco-chama-musas-e-gera-debate-sobre-padrao-de-beleza-em-ipanema\/"},"author":{"name":"Reda\u00e7\u00e3o","@id":"https:\/\/www.notibras.com\/site\/#\/schema\/person\/36ab0979449956132d3e5b517ea76ac8"},"headline":"Toplessa\u00e7o chama musas e gera debate sobre a beleza","datePublished":"2015-01-19T03:27:19+00:00","dateModified":"2015-01-19T18:17:20+00:00","mainEntityOfPage":{"@id":"https:\/\/www.notibras.com\/site\/toplessaco-chama-musas-e-gera-debate-sobre-padrao-de-beleza-em-ipanema\/"},"wordCount":1279,"commentCount":0,"publisher":{"@id":"https:\/\/www.notibras.com\/site\/#organization"},"image":{"@id":"https:\/\/www.notibras.com\/site\/toplessaco-chama-musas-e-gera-debate-sobre-padrao-de-beleza-em-ipanema\/#primaryimage"},"thumbnailUrl":"https:\/\/www.notibras.com\/site\/wp-content\/uploads\/2015\/01\/20131206toplessaco1.jpg","articleSection":["Brasil"],"inLanguage":"pt-BR","potentialAction":[{"@type":"CommentAction","name":"Comment","target":["https:\/\/www.notibras.com\/site\/toplessaco-chama-musas-e-gera-debate-sobre-padrao-de-beleza-em-ipanema\/#respond"]}]},{"@type":"WebPage","@id":"https:\/\/www.notibras.com\/site\/toplessaco-chama-musas-e-gera-debate-sobre-padrao-de-beleza-em-ipanema\/","url":"https:\/\/www.notibras.com\/site\/toplessaco-chama-musas-e-gera-debate-sobre-padrao-de-beleza-em-ipanema\/","name":"Toplessa\u00e7o chama musas e gera debate sobre a beleza - Notibras","isPartOf":{"@id":"https:\/\/www.notibras.com\/site\/#website"},"primaryImageOfPage":{"@id":"https:\/\/www.notibras.com\/site\/toplessaco-chama-musas-e-gera-debate-sobre-padrao-de-beleza-em-ipanema\/#primaryimage"},"image":{"@id":"https:\/\/www.notibras.com\/site\/toplessaco-chama-musas-e-gera-debate-sobre-padrao-de-beleza-em-ipanema\/#primaryimage"},"thumbnailUrl":"https:\/\/www.notibras.com\/site\/wp-content\/uploads\/2015\/01\/20131206toplessaco1.jpg","datePublished":"2015-01-19T03:27:19+00:00","dateModified":"2015-01-19T18:17:20+00:00","breadcrumb":{"@id":"https:\/\/www.notibras.com\/site\/toplessaco-chama-musas-e-gera-debate-sobre-padrao-de-beleza-em-ipanema\/#breadcrumb"},"inLanguage":"pt-BR","potentialAction":[{"@type":"ReadAction","target":["https:\/\/www.notibras.com\/site\/toplessaco-chama-musas-e-gera-debate-sobre-padrao-de-beleza-em-ipanema\/"]}]},{"@type":"ImageObject","inLanguage":"pt-BR","@id":"https:\/\/www.notibras.com\/site\/toplessaco-chama-musas-e-gera-debate-sobre-padrao-de-beleza-em-ipanema\/#primaryimage","url":"https:\/\/www.notibras.com\/site\/wp-content\/uploads\/2015\/01\/20131206toplessaco1.jpg","contentUrl":"https:\/\/www.notibras.com\/site\/wp-content\/uploads\/2015\/01\/20131206toplessaco1.jpg","width":690,"height":507},{"@type":"BreadcrumbList","@id":"https:\/\/www.notibras.com\/site\/toplessaco-chama-musas-e-gera-debate-sobre-padrao-de-beleza-em-ipanema\/#breadcrumb","itemListElement":[{"@type":"ListItem","position":1,"name":"In\u00edcio","item":"https:\/\/www.notibras.com\/site\/"},{"@type":"ListItem","position":2,"name":"Toplessa\u00e7o chama musas e gera debate sobre a beleza"}]},{"@type":"WebSite","@id":"https:\/\/www.notibras.com\/site\/#website","url":"https:\/\/www.notibras.com\/site\/","name":"Notibras","description":"Not\u00edcias de Bras\u00edlia, do Brasil e do Mundo","publisher":{"@id":"https:\/\/www.notibras.com\/site\/#organization"},"potentialAction":[{"@type":"SearchAction","target":{"@type":"EntryPoint","urlTemplate":"https:\/\/www.notibras.com\/site\/?s={search_term_string}"},"query-input":{"@type":"PropertyValueSpecification","valueRequired":true,"valueName":"search_term_string"}}],"inLanguage":"pt-BR"},{"@type":"Organization","@id":"https:\/\/www.notibras.com\/site\/#organization","name":"Grupo Notibras de Comunica\u00e7\u00e3o","url":"https:\/\/www.notibras.com\/site\/","logo":{"@type":"ImageObject","inLanguage":"pt-BR","@id":"https:\/\/www.notibras.com\/site\/#\/schema\/logo\/image\/","url":"https:\/\/www.notibras.com\/site\/wp-content\/uploads\/2023\/01\/notibras23.png","contentUrl":"https:\/\/www.notibras.com\/site\/wp-content\/uploads\/2023\/01\/notibras23.png","width":350,"height":87,"caption":"Grupo Notibras de Comunica\u00e7\u00e3o"},"image":{"@id":"https:\/\/www.notibras.com\/site\/#\/schema\/logo\/image\/"},"sameAs":["https:\/\/www.facebook.com\/notibras\/","https:\/\/x.com\/Notibras","https:\/\/www.instagram.com\/notibras\/"]},{"@type":"Person","@id":"https:\/\/www.notibras.com\/site\/#\/schema\/person\/36ab0979449956132d3e5b517ea76ac8","name":"Reda\u00e7\u00e3o","image":{"@type":"ImageObject","inLanguage":"pt-BR","@id":"https:\/\/secure.gravatar.com\/avatar\/e0a867bdedb85fd243eadf09663511f96fc81e0720a4a42581f334ad4303aa6b?s=96&d=mm&r=g","url":"https:\/\/secure.gravatar.com\/avatar\/e0a867bdedb85fd243eadf09663511f96fc81e0720a4a42581f334ad4303aa6b?s=96&d=mm&r=g","contentUrl":"https:\/\/secure.gravatar.com\/avatar\/e0a867bdedb85fd243eadf09663511f96fc81e0720a4a42581f334ad4303aa6b?s=96&d=mm&r=g","caption":"Reda\u00e7\u00e3o"}}]}},"amp_enabled":true,"_links":{"self":[{"href":"https:\/\/www.notibras.com\/site\/wp-json\/wp\/v2\/posts\/34424","targetHints":{"allow":["GET"]}}],"collection":[{"href":"https:\/\/www.notibras.com\/site\/wp-json\/wp\/v2\/posts"}],"about":[{"href":"https:\/\/www.notibras.com\/site\/wp-json\/wp\/v2\/types\/post"}],"author":[{"embeddable":true,"href":"https:\/\/www.notibras.com\/site\/wp-json\/wp\/v2\/users\/2"}],"replies":[{"embeddable":true,"href":"https:\/\/www.notibras.com\/site\/wp-json\/wp\/v2\/comments?post=34424"}],"version-history":[{"count":0,"href":"https:\/\/www.notibras.com\/site\/wp-json\/wp\/v2\/posts\/34424\/revisions"}],"wp:featuredmedia":[{"embeddable":true,"href":"https:\/\/www.notibras.com\/site\/wp-json\/wp\/v2\/media\/34425"}],"wp:attachment":[{"href":"https:\/\/www.notibras.com\/site\/wp-json\/wp\/v2\/media?parent=34424"}],"wp:term":[{"taxonomy":"category","embeddable":true,"href":"https:\/\/www.notibras.com\/site\/wp-json\/wp\/v2\/categories?post=34424"},{"taxonomy":"post_tag","embeddable":true,"href":"https:\/\/www.notibras.com\/site\/wp-json\/wp\/v2\/tags?post=34424"}],"curies":[{"name":"wp","href":"https:\/\/api.w.org\/{rel}","templated":true}]}}