{"id":344260,"date":"2024-12-30T00:01:15","date_gmt":"2024-12-30T03:01:15","guid":{"rendered":"https:\/\/www.notibras.com\/site\/?p=344260"},"modified":"2024-12-30T07:49:47","modified_gmt":"2024-12-30T10:49:47","slug":"mais-um-corpo-e-resgatado-apos-queda-de-ponte-e-mortes-chegam-a-10","status":"publish","type":"post","link":"https:\/\/www.notibras.com\/site\/mais-um-corpo-e-resgatado-apos-queda-de-ponte-e-mortes-chegam-a-10\/","title":{"rendered":"Mais um corpo \u00e9 resgatado ap\u00f3s queda de ponte e mortes chegam a 10"},"content":{"rendered":"<p>O corpo de mais uma v\u00edtima da queda da ponte entre Aguiarn\u00f3polis (TO) e Estreito (MA) foi resgatado neste domingo (29). At\u00e9 o momento, dez pessoas morreram. Outras sete continuam desaparecidas. O tenente coronel do Corpo de Bombeiros do Tocantins, Donaldo Lourinho, confirmou o resgate do corpo de Ailsson Gomes Carneiro, de 57 anos.<\/p>\n<p>Ele era vereador da cidade de Novo Repartimento, no Par\u00e1, e foi retirado de uma caminhonete Triton, encontrada na \u00faltima quinta-feira (26). No s\u00e1bado (28), os mergulhadores j\u00e1 haviam resgatado Elisangela dos Santos Chagas, 50 anos, companheira de Ailsson.<\/p>\n<p>As equipes continuam nas tentativas para a retirada de um corpo localizado no interior de um caminh\u00e3o. As condi\u00e7\u00f5es clim\u00e1ticas pioraram nas \u00faltimas horas, pois as chuvas na regi\u00e3o tornam as \u00e1guas do Rio Tocantins mais turvas.<\/p>\n<p>A busca por desaparecidos ap\u00f3s a queda da Ponte Juscelino Kubitschek de Oliveira, na BR-226, foi retomada ontem, ap\u00f3s terem sido afastados os riscos de desabamento de novos trechos da estrutura. A ponte desabou no \u00faltimo domingo (22).<\/p>\n","protected":false},"excerpt":{"rendered":"<p>O corpo de mais uma v\u00edtima da queda da ponte entre Aguiarn\u00f3polis (TO) e Estreito (MA) foi resgatado neste domingo (29). At\u00e9 o momento, dez pessoas morreram. Outras sete continuam desaparecidas. O tenente coronel do Corpo de Bombeiros do Tocantins, Donaldo Lourinho, confirmou o resgate do corpo de Ailsson Gomes Carneiro, de 57 anos. Ele [&hellip;]<\/p>\n","protected":false},"author":2,"featured_media":344261,"comment_status":"closed","ping_status":"closed","sticky":false,"template":"","format":"standard","meta":{"_acf_changed":false,"footnotes":""},"categories":[165],"tags":[],"class_list":["post-344260","post","type-post","status-publish","format-standard","has-post-thumbnail","hentry","category-nordeste"],"acf":[],"_links":{"self":[{"href":"https:\/\/www.notibras.com\/site\/wp-json\/wp\/v2\/posts\/344260","targetHints":{"allow":["GET"]}}],"collection":[{"href":"https:\/\/www.notibras.com\/site\/wp-json\/wp\/v2\/posts"}],"about":[{"href":"https:\/\/www.notibras.com\/site\/wp-json\/wp\/v2\/types\/post"}],"author":[{"embeddable":true,"href":"https:\/\/www.notibras.com\/site\/wp-json\/wp\/v2\/users\/2"}],"replies":[{"embeddable":true,"href":"https:\/\/www.notibras.com\/site\/wp-json\/wp\/v2\/comments?post=344260"}],"version-history":[{"count":1,"href":"https:\/\/www.notibras.com\/site\/wp-json\/wp\/v2\/posts\/344260\/revisions"}],"predecessor-version":[{"id":344262,"href":"https:\/\/www.notibras.com\/site\/wp-json\/wp\/v2\/posts\/344260\/revisions\/344262"}],"wp:featuredmedia":[{"embeddable":true,"href":"https:\/\/www.notibras.com\/site\/wp-json\/wp\/v2\/media\/344261"}],"wp:attachment":[{"href":"https:\/\/www.notibras.com\/site\/wp-json\/wp\/v2\/media?parent=344260"}],"wp:term":[{"taxonomy":"category","embeddable":true,"href":"https:\/\/www.notibras.com\/site\/wp-json\/wp\/v2\/categories?post=344260"},{"taxonomy":"post_tag","embeddable":true,"href":"https:\/\/www.notibras.com\/site\/wp-json\/wp\/v2\/tags?post=344260"}],"curies":[{"name":"wp","href":"https:\/\/api.w.org\/{rel}","templated":true}]}}