{"id":344289,"date":"2024-12-30T00:00:56","date_gmt":"2024-12-30T03:00:56","guid":{"rendered":"https:\/\/www.notibras.com\/site\/?p=344289"},"modified":"2024-12-30T09:13:32","modified_gmt":"2024-12-30T12:13:32","slug":"coleta-de-sementes-preserva-a-biodiversidade-do-cerrado","status":"publish","type":"post","link":"https:\/\/www.notibras.com\/site\/coleta-de-sementes-preserva-a-biodiversidade-do-cerrado\/","title":{"rendered":"Coleta de sementes preserva a biodiversidade do Cerrado"},"content":{"rendered":"<p>A Companhia Urbanizadora da Nova Capital do Brasil realiza periodicamente a coleta de sementes, essencial para a preserva\u00e7\u00e3o da biodiversidade do Cerrado. Recentemente, ocorreu a etapa dedicada ao pequi, entre novembro e dezembro.<\/p>\n<p>As coletas de sementes s\u00e3o parte de um calend\u00e1rio planejado que se adapta ao amadurecimento das diferentes esp\u00e9cies. As equipes da Novacap percorrem o Cerrado em busca de frutos maduros, como manga espada, pitomba e buti\u00e1, entre outros.<\/p>\n<p>No caso do pequi, a coleta \u00e9 feita com foco em frutos que j\u00e1 ca\u00edram, pois t\u00eam maior probabilidade de germina\u00e7\u00e3o. Para outras esp\u00e9cies, algumas s\u00e3o derrubadas, e a equipe utiliza redes e malhas embaixo para coletar. Se estiverem no ponto de serem colhidas, elas s\u00e3o coletadas de acordo com as t\u00e9cnicas dos coletores, variando conforme a experi\u00eancia do pessoal que trabalha com a semeadura.<\/p>\n<p>Ap\u00f3s a coleta, as sementes passam por prepara\u00e7\u00e3o para germina\u00e7\u00e3o e, em seguida, s\u00e3o plantadas em \u00e1reas selecionadas do Distrito Federal. Essa estrat\u00e9gia assegura que as mudas sejam adapt\u00e1veis ao ambiente urbano, aumentando a taxa de sobreviv\u00eancia e os impactos positivos a longo prazo.<\/p>\n<p>Essa iniciativa \u00e9 vital para a preserva\u00e7\u00e3o do meio ambiente e para a recupera\u00e7\u00e3o de ecossistemas degradados, al\u00e9m de valorizar a cultura do Centro-Oeste. \u201cO plantio de mudas nativas auxilia na recupera\u00e7\u00e3o de ecossistemas, aumenta a biodiversidade local e atrai polinizadores e outras esp\u00e9cies\u201d, destaca o assessor do Departamento de Parques e Jardins, Matheus Fuente.<\/p>\n<p>A a\u00e7\u00e3o do pequi contou com uma equipe de 11 profissionais, entre motoristas, supervisores e auxiliares, todos com ampla experi\u00eancia em servi\u00e7os voltados ao plantio e \u00e0 manuten\u00e7\u00e3o de \u00e1reas verdes. Ap\u00f3s o plantio, a companhia realiza monitoramentos regulares para avaliar o crescimento e a sa\u00fade das mudas. Esse acompanhamento assegura a manuten\u00e7\u00e3o das \u00e1reas plantadas e a adapta\u00e7\u00e3o das mudas ao ambiente urbano.<\/p>\n<p>De acordo com a Divis\u00e3o de Agronomia, vinculada ao Departamento de Parques e Jardins da Novacap, a coleta e o plantio de pequi e outras esp\u00e9cies nativas refor\u00e7am a import\u00e2ncia da preserva\u00e7\u00e3o ambiental e contribuem para uma cidade mais verde, conectada com suas ra\u00edzes culturais. Ap\u00f3s a coleta do pequi, a Novacap j\u00e1 se prepara para as pr\u00f3ximas etapas, que ocorrer\u00e3o no pr\u00f3ximo ano, quando outras esp\u00e9cies estar\u00e3o no ponto ideal de matura\u00e7\u00e3o das sementes.<\/p>\n","protected":false},"excerpt":{"rendered":"<p>A Companhia Urbanizadora da Nova Capital do Brasil realiza periodicamente a coleta de sementes, essencial para a preserva\u00e7\u00e3o da biodiversidade do Cerrado. Recentemente, ocorreu a etapa dedicada ao pequi, entre novembro e dezembro. As coletas de sementes s\u00e3o parte de um calend\u00e1rio planejado que se adapta ao amadurecimento das diferentes esp\u00e9cies. As equipes da Novacap [&hellip;]<\/p>\n","protected":false},"author":2,"featured_media":344290,"comment_status":"closed","ping_status":"closed","sticky":false,"template":"","format":"standard","meta":{"_acf_changed":false,"footnotes":""},"categories":[161],"tags":[],"class_list":["post-344289","post","type-post","status-publish","format-standard","has-post-thumbnail","hentry","category-quadradinho-em-foco"],"acf":[],"_links":{"self":[{"href":"https:\/\/www.notibras.com\/site\/wp-json\/wp\/v2\/posts\/344289","targetHints":{"allow":["GET"]}}],"collection":[{"href":"https:\/\/www.notibras.com\/site\/wp-json\/wp\/v2\/posts"}],"about":[{"href":"https:\/\/www.notibras.com\/site\/wp-json\/wp\/v2\/types\/post"}],"author":[{"embeddable":true,"href":"https:\/\/www.notibras.com\/site\/wp-json\/wp\/v2\/users\/2"}],"replies":[{"embeddable":true,"href":"https:\/\/www.notibras.com\/site\/wp-json\/wp\/v2\/comments?post=344289"}],"version-history":[{"count":1,"href":"https:\/\/www.notibras.com\/site\/wp-json\/wp\/v2\/posts\/344289\/revisions"}],"predecessor-version":[{"id":344291,"href":"https:\/\/www.notibras.com\/site\/wp-json\/wp\/v2\/posts\/344289\/revisions\/344291"}],"wp:featuredmedia":[{"embeddable":true,"href":"https:\/\/www.notibras.com\/site\/wp-json\/wp\/v2\/media\/344290"}],"wp:attachment":[{"href":"https:\/\/www.notibras.com\/site\/wp-json\/wp\/v2\/media?parent=344289"}],"wp:term":[{"taxonomy":"category","embeddable":true,"href":"https:\/\/www.notibras.com\/site\/wp-json\/wp\/v2\/categories?post=344289"},{"taxonomy":"post_tag","embeddable":true,"href":"https:\/\/www.notibras.com\/site\/wp-json\/wp\/v2\/tags?post=344289"}],"curies":[{"name":"wp","href":"https:\/\/api.w.org\/{rel}","templated":true}]}}