{"id":344292,"date":"2024-12-30T00:16:48","date_gmt":"2024-12-30T03:16:48","guid":{"rendered":"https:\/\/www.notibras.com\/site\/?p=344292"},"modified":"2024-12-30T09:18:33","modified_gmt":"2024-12-30T12:18:33","slug":"morangos-made-in-brazlandia-sao-exportados-para-portugal","status":"publish","type":"post","link":"https:\/\/www.notibras.com\/site\/morangos-made-in-brazlandia-sao-exportados-para-portugal\/","title":{"rendered":"Morangos \u2018made in\u2019 Brazl\u00e2ndia s\u00e3o exportados para Portugal"},"content":{"rendered":"<p>A primeira edi\u00e7\u00e3o do Boletim do Com\u00e9rcio Exterior do Distrito Federal mostrou que os morangos produzidos aqui representam quase 20% do que o Brasil exportou dessa fruta nos tr\u00eas primeiros meses deste ano \u2013 o que coloca o DF como o terceiro maior exportador desse nicho para Portugal e Panam\u00e1.<\/p>\n<p>O estudo apresentou uma s\u00edntese sobre as din\u00e2micas de exporta\u00e7\u00e3o e importa\u00e7\u00e3o do Distrito Federal, com foco em tend\u00eancias e fatores que influenciam o com\u00e9rcio internacional. A iniciativa \u00e9 fundamental para compreender a posi\u00e7\u00e3o do DF no mercado global, identificar desafios e oportunidades e embasar a formula\u00e7\u00e3o de estrat\u00e9gias econ\u00f4micas eficazes.<\/p>\n<p>Nesta edi\u00e7\u00e3o inaugural, o boletim trouxe uma an\u00e1lise detalhada sobre o primeiro trimestre de 2024, com destaque para o comportamento das exporta\u00e7\u00f5es e importa\u00e7\u00f5es, os principais produtos comercializados, os mercados de destino e as oscila\u00e7\u00f5es nos pre\u00e7os internacionais.<\/p>\n<p><strong>Estudo pioneiro<\/strong><br \/>\nO diretor-presidente do IPEDF, Manoel Barros, afirma que este \u00e9 um estudo in\u00e9dito: \u201cEle surgiu de uma demanda do setor produtivo e da Serinter [Secretaria de Rela\u00e7\u00f5es Internacionais], no sentido de ter um documento oficial que mostrasse como funciona o com\u00e9rcio exterior no DF\u201d.<\/p>\n<p>Por sua vez, a diretora de Estat\u00edstica de Pesquisas Socioecon\u00f4micas do IPEDF, Francisca Lucena, refor\u00e7ou que as informa\u00e7\u00f5es publicadas no boletim apontam para a possibilidade de explorar novos nichos: \u201cConhecer o perfil dos produtos exportados e dos parceiros comerciais internacionais do DF \u00e9 importante para orientar pol\u00edticas p\u00fablicas de apoio e incentivo direcionados aos produtos com potencial de exporta\u00e7\u00e3o, alcan\u00e7ando novos espa\u00e7os no mercado internacional\u201d.<\/p>\n<p><strong>Destaques nas exporta\u00e7\u00f5es<\/strong><br \/>\nEm rela\u00e7\u00e3o aos itens com maior participa\u00e7\u00e3o no cen\u00e1rio nacional, o Distrito Federal ocupa o terceiro lugar na exporta\u00e7\u00e3o de sorgo para semeadura e de morangos frescos e a nona posi\u00e7\u00e3o nas exporta\u00e7\u00f5es de carnes congeladas de aves.<\/p>\n<p>As exporta\u00e7\u00f5es do DF representam uma pequena parcela no cen\u00e1rio nacional (apenas 0,1% das exporta\u00e7\u00f5es e 0,6% das importa\u00e7\u00f5es do Brasil). Do ponto de vista da relev\u00e2ncia para a economia local, os destaques s\u00e3o a soja e o milho, apesar de esses responderem por uma pequena parcela do cen\u00e1rio nacional das exporta\u00e7\u00f5es.<\/p>\n<p><strong>Diversifica\u00e7\u00e3o<\/strong><br \/>\nA ind\u00fastria de transforma\u00e7\u00e3o foi a principal respons\u00e1vel pelas exporta\u00e7\u00f5es (78,9%) e importa\u00e7\u00f5es (99,8%) do DF, com destaque para o aumento nas importa\u00e7\u00f5es de produtos agropecu\u00e1rios, que subiram 168% em rela\u00e7\u00e3o ao ano anterior.<\/p>\n<p>No entanto, o setor agropecu\u00e1rio representou uma fatia menor nas importa\u00e7\u00f5es (0,2%) e nas exporta\u00e7\u00f5es (21,1%). A carne su\u00edna teve grande participa\u00e7\u00e3o, com crescimento de 267,8% no valor das importa\u00e7\u00f5es, o que indica uma mudan\u00e7a nas tend\u00eancias de consumo e com\u00e9rcio da popula\u00e7\u00e3o local.<\/p>\n","protected":false},"excerpt":{"rendered":"<p>A primeira edi\u00e7\u00e3o do Boletim do Com\u00e9rcio Exterior do Distrito Federal mostrou que os morangos produzidos aqui representam quase 20% do que o Brasil exportou dessa fruta nos tr\u00eas primeiros meses deste ano \u2013 o que coloca o DF como o terceiro maior exportador desse nicho para Portugal e Panam\u00e1. O estudo apresentou uma s\u00edntese [&hellip;]<\/p>\n","protected":false},"author":2,"featured_media":344293,"comment_status":"closed","ping_status":"closed","sticky":false,"template":"","format":"standard","meta":{"_acf_changed":false,"footnotes":""},"categories":[161],"tags":[],"class_list":["post-344292","post","type-post","status-publish","format-standard","has-post-thumbnail","hentry","category-quadradinho-em-foco"],"acf":[],"_links":{"self":[{"href":"https:\/\/www.notibras.com\/site\/wp-json\/wp\/v2\/posts\/344292","targetHints":{"allow":["GET"]}}],"collection":[{"href":"https:\/\/www.notibras.com\/site\/wp-json\/wp\/v2\/posts"}],"about":[{"href":"https:\/\/www.notibras.com\/site\/wp-json\/wp\/v2\/types\/post"}],"author":[{"embeddable":true,"href":"https:\/\/www.notibras.com\/site\/wp-json\/wp\/v2\/users\/2"}],"replies":[{"embeddable":true,"href":"https:\/\/www.notibras.com\/site\/wp-json\/wp\/v2\/comments?post=344292"}],"version-history":[{"count":1,"href":"https:\/\/www.notibras.com\/site\/wp-json\/wp\/v2\/posts\/344292\/revisions"}],"predecessor-version":[{"id":344294,"href":"https:\/\/www.notibras.com\/site\/wp-json\/wp\/v2\/posts\/344292\/revisions\/344294"}],"wp:featuredmedia":[{"embeddable":true,"href":"https:\/\/www.notibras.com\/site\/wp-json\/wp\/v2\/media\/344293"}],"wp:attachment":[{"href":"https:\/\/www.notibras.com\/site\/wp-json\/wp\/v2\/media?parent=344292"}],"wp:term":[{"taxonomy":"category","embeddable":true,"href":"https:\/\/www.notibras.com\/site\/wp-json\/wp\/v2\/categories?post=344292"},{"taxonomy":"post_tag","embeddable":true,"href":"https:\/\/www.notibras.com\/site\/wp-json\/wp\/v2\/tags?post=344292"}],"curies":[{"name":"wp","href":"https:\/\/api.w.org\/{rel}","templated":true}]}}