{"id":344303,"date":"2024-12-31T03:00:11","date_gmt":"2024-12-31T06:00:11","guid":{"rendered":"https:\/\/www.notibras.com\/site\/?p=344303"},"modified":"2024-12-31T02:58:08","modified_gmt":"2024-12-31T05:58:08","slug":"nordestino-mantem-tradicao-de-pular-ondas-desafiando-o-tempo-e-promovendo-esperanca","status":"publish","type":"post","link":"https:\/\/www.notibras.com\/site\/nordestino-mantem-tradicao-de-pular-ondas-desafiando-o-tempo-e-promovendo-esperanca\/","title":{"rendered":"Nordestino mant\u00e9m tradi\u00e7\u00e3o de pular ondas desafiando o tempo e promovendo esperan\u00e7a"},"content":{"rendered":"<p>No instante m\u00e1gico em que o rel\u00f3gio marca meia-noite e o ano se renova, as praias brasileiras, em especial as do Nordeste, se transformam em palcos de um ritual singular: pular as ondas do mar. Essa tradi\u00e7\u00e3o, que transcende gera\u00e7\u00f5es e diferentes cren\u00e7as, une multid\u00f5es em um gesto de f\u00e9, esperan\u00e7a e conex\u00e3o com algo maior.<\/p>\n<p>Vestidos de branco, carregando flores ou apenas os pr\u00f3prios desejos, homens, mulheres e crian\u00e7as adentram o mar com rever\u00eancia. A \u00e1gua salgada que molha os p\u00e9s parece carregar o peso do ano que passou, enquanto as ondas que chegam representam as novas oportunidades, ainda por descobrir.<\/p>\n<p>O ato de pular as sete ondas n\u00e3o \u00e9 apenas um gesto simb\u00f3lico. Para muitos, \u00e9 uma forma de pedir prote\u00e7\u00e3o, sorte e sucesso no ano que come\u00e7a. Cada salto \u00e9 uma promessa silenciosa, uma meta, um sonho que se quer realizar. H\u00e1 quem veja nas ondas uma met\u00e1fora para os desafios da vida: enfrent\u00e1-las com coragem, mesmo quando parecem maiores do que n\u00f3s.<\/p>\n<p>Embora a origem da tradi\u00e7\u00e3o esteja ligada a pr\u00e1ticas religiosas e culturais de matriz africana, como os rituais de oferendas a Iemanj\u00e1, o costume se tornou popular e ganhou diferentes significados. Hoje, n\u00e3o importa tanto a cren\u00e7a ou a religi\u00e3o; o que importa \u00e9 a inten\u00e7\u00e3o.<\/p>\n<p>O curioso \u00e9 como essa tradi\u00e7\u00e3o resiste ao tempo. Em um mundo cada vez mais tecnol\u00f3gico e acelerado, onde aplicativos prometem prever o futuro e algoritmos desenham cen\u00e1rios, ainda buscamos no encontro com a natureza o conforto de algo ancestral. O mar, com sua for\u00e7a bruta e serenidade ao mesmo tempo, nos lembra de nossa pequenez e, paradoxalmente, de nossa capacidade de sonhar grande.<\/p>\n<p>Assim, ao fim de mais um R\u00e9veillon, quando as ondas se acalmam e o c\u00e9u se ilumina com fogos de artif\u00edcio, fica a sensa\u00e7\u00e3o de que, pelo menos por alguns minutos, acreditamos no poder da renova\u00e7\u00e3o. E, talvez, seja essa cren\u00e7a compartilhada que realmente antecipa o sucesso: a for\u00e7a coletiva de tantas pessoas desejando, ao mesmo tempo, um futuro melhor.<\/p>\n<p>De minha parte, aqui de Sergipe, tor\u00e7o para que venham mais ondas, mais saltos e mais anos para celebrar o sucesso.<\/p>\n","protected":false},"excerpt":{"rendered":"<p>No instante m\u00e1gico em que o rel\u00f3gio marca meia-noite e o ano se renova, as praias brasileiras, em especial as do Nordeste, se transformam em palcos de um ritual singular: pular as ondas do mar. Essa tradi\u00e7\u00e3o, que transcende gera\u00e7\u00f5es e diferentes cren\u00e7as, une multid\u00f5es em um gesto de f\u00e9, esperan\u00e7a e conex\u00e3o com algo [&hellip;]<\/p>\n","protected":false},"author":2,"featured_media":344304,"comment_status":"closed","ping_status":"closed","sticky":false,"template":"","format":"standard","meta":{"_acf_changed":false,"footnotes":""},"categories":[165],"tags":[],"class_list":["post-344303","post","type-post","status-publish","format-standard","has-post-thumbnail","hentry","category-nordeste"],"acf":[],"_links":{"self":[{"href":"https:\/\/www.notibras.com\/site\/wp-json\/wp\/v2\/posts\/344303","targetHints":{"allow":["GET"]}}],"collection":[{"href":"https:\/\/www.notibras.com\/site\/wp-json\/wp\/v2\/posts"}],"about":[{"href":"https:\/\/www.notibras.com\/site\/wp-json\/wp\/v2\/types\/post"}],"author":[{"embeddable":true,"href":"https:\/\/www.notibras.com\/site\/wp-json\/wp\/v2\/users\/2"}],"replies":[{"embeddable":true,"href":"https:\/\/www.notibras.com\/site\/wp-json\/wp\/v2\/comments?post=344303"}],"version-history":[{"count":1,"href":"https:\/\/www.notibras.com\/site\/wp-json\/wp\/v2\/posts\/344303\/revisions"}],"predecessor-version":[{"id":344305,"href":"https:\/\/www.notibras.com\/site\/wp-json\/wp\/v2\/posts\/344303\/revisions\/344305"}],"wp:featuredmedia":[{"embeddable":true,"href":"https:\/\/www.notibras.com\/site\/wp-json\/wp\/v2\/media\/344304"}],"wp:attachment":[{"href":"https:\/\/www.notibras.com\/site\/wp-json\/wp\/v2\/media?parent=344303"}],"wp:term":[{"taxonomy":"category","embeddable":true,"href":"https:\/\/www.notibras.com\/site\/wp-json\/wp\/v2\/categories?post=344303"},{"taxonomy":"post_tag","embeddable":true,"href":"https:\/\/www.notibras.com\/site\/wp-json\/wp\/v2\/tags?post=344303"}],"curies":[{"name":"wp","href":"https:\/\/api.w.org\/{rel}","templated":true}]}}