{"id":344310,"date":"2024-12-31T02:55:44","date_gmt":"2024-12-31T05:55:44","guid":{"rendered":"https:\/\/www.notibras.com\/site\/?p=344310"},"modified":"2024-12-31T02:55:44","modified_gmt":"2024-12-31T05:55:44","slug":"madrinha-chiquinha-morre-aos-105-anos-sem-deixar-saudades","status":"publish","type":"post","link":"https:\/\/www.notibras.com\/site\/madrinha-chiquinha-morre-aos-105-anos-sem-deixar-saudades\/","title":{"rendered":"Madrinha Chiquinha morre aos 105 anos sem deixar saudades"},"content":{"rendered":"<p>Francisca Paiva, a quem todos conheciam por madrinha Chiquinha, era minha av\u00f3 paterna. Minha parenta estava longe de ser o que muita gente fala sobre av\u00f3s. N\u00e3o mesmo! \u00c9 que a velha era osso duro de roer, sem contar que parecia ter implic\u00e2ncia comigo, justamente a neta mais nova.<\/p>\n<p>Certa feita, l\u00e1 pelos meus oito anos, quando ainda mor\u00e1vamos na \u00e1rea rural de Caxias, Maranh\u00e3o, estava eu brincando pr\u00f3ximo ao galinheiro. Madrinha Chiquinha, que estava deitada na rede ao lado da churrasqueira improvisada, me gritou.<\/p>\n<p>\u2014 Martinha, corre aqui!<\/p>\n<p>O som daquela voz estridente soou dolorido nos meus ouvidos, pois sabia que de duas, uma: ou vinha reprimenda ou, pior, taca.<\/p>\n<p>\u2014 Que \u00e9, madrinha Chiquinha?<\/p>\n<p>\u2014 Que \u00e9? E isso \u00e9 modo de falar com sua av\u00f3?<\/p>\n<p>Faltaram-me palavras diante daquela bronca.<\/p>\n<p>\u2014 Vai ficar a\u00ed muda e calada, menina?<\/p>\n<p>\u2014 N\u00e3o, senhora.<\/p>\n<p>\u2014 Pois v\u00e1 pegar a carne que t\u00e1 no fogo!<\/p>\n<p>Com cuidado para n\u00e3o deixar cair, peguei a carne e a entreguei para vov\u00f3, que, cheia de maldade nos olhos, fez cara de quem iria degustar a maior iguaria do mundo.<\/p>\n<p>\u2014 Hum! Adoro essa gordurinha esturricando.<\/p>\n<p>Tola que era, pensei que iria receber ao menos um naco. Que nada! A velha devorou tudo com gosto. Nem fiapo sobrou para mim.<\/p>\n<p>\u2014 Que voc\u00ea t\u00e1 olhando, menina?<\/p>\n<p>\u2014 Nada, madrinha Chiquinha.<\/p>\n<p>\u2014 Ent\u00e3o, arreda daqui antes que eu lhe d\u00ea no lombo.<\/p>\n<p>Madrinha Chiquinha, como todo vaso ruim, foi dif\u00edcil de quebrar. Morreu aos 105 anos, tempo suficiente para que eu me tornasse quase uma velha. Velha em idade, mas com os mesmos olhos assustados daquela menina de oito anos.<\/p>\n<p>&#8230;&#8230;&#8230;&#8230;&#8230;&#8230;&#8230;&#8230;&#8230;&#8230;..<\/p>\n<div>*<strong>Eduardo Mart\u00ednez \u00e9 autor do livro \u201c57 Contos e Cr\u00f4nicas por um Autor muito Velho\u201d.<\/strong><\/div>\n<div>\n<div class=\"mvp-post-soc-in\">\n<div id=\"mvp-content-body\" class=\"left relative\">\n<div id=\"mvp-content-body-top\" class=\"left relative\">\n<div id=\"mvp-content-main\" class=\"left relative\">\n<p>Compre aqui\u00a0<span class=\"x19la9d6 x1fc57z9 x6ikm8r x10wlt62 x19co3pv x1g5zs5t xfibh0p xiy17q3 x1xsqp64 x1lkfr7t xexx8yu x4uap5 x18d9i69 xkhd6sd\"><span class=\"xrtxmta x1bhl96m\"><img decoding=\"async\" class=\"emoji\" role=\"img\" draggable=\"false\" src=\"https:\/\/s.w.org\/images\/core\/emoji\/14.0.0\/svg\/1f447-1f3ff.svg\" alt=\"&#x1f447;&#x1f3ff;\" \/><\/span><\/span><span class=\"x19la9d6 x1fc57z9 x6ikm8r x10wlt62 x19co3pv x1g5zs5t xfibh0p xiy17q3 x1xsqp64 x1lkfr7t xexx8yu x4uap5 x18d9i69 xkhd6sd\"><span class=\"xrtxmta x1bhl96m\"><img decoding=\"async\" class=\"emoji\" role=\"img\" draggable=\"false\" src=\"https:\/\/s.w.org\/images\/core\/emoji\/14.0.0\/svg\/1f447-1f3ff.svg\" alt=\"&#x1f447;&#x1f3ff;\" \/><\/span><\/span><span class=\"x19la9d6 x1fc57z9 x6ikm8r x10wlt62 x19co3pv x1g5zs5t xfibh0p xiy17q3 x1xsqp64 x1lkfr7t xexx8yu x4uap5 x18d9i69 xkhd6sd\"><span class=\"xrtxmta x1bhl96m\"><img decoding=\"async\" class=\"emoji\" role=\"img\" draggable=\"false\" src=\"https:\/\/s.w.org\/images\/core\/emoji\/14.0.0\/svg\/1f447-1f3ff.svg\" alt=\"&#x1f447;&#x1f3ff;\" \/><\/span><\/span><\/p>\n<p><a href=\"http:\/\/www.joanineditora.com.br\/57-contos-e-cronicas-por-um-autor-muito-velho\">http:\/\/www.joanineditora.com.br\/57-contos-e-cronicas-por-um-autor-muito-velho<\/a><\/p>\n<\/div>\n<\/div>\n<\/div>\n<\/div>\n<\/div>\n","protected":false},"excerpt":{"rendered":"<p>Francisca Paiva, a quem todos conheciam por madrinha Chiquinha, era minha av\u00f3 paterna. Minha parenta estava longe de ser o que muita gente fala sobre av\u00f3s. N\u00e3o mesmo! \u00c9 que a velha era osso duro de roer, sem contar que parecia ter implic\u00e2ncia comigo, justamente a neta mais nova. Certa feita, l\u00e1 pelos meus oito [&hellip;]<\/p>\n","protected":false},"author":2,"featured_media":344311,"comment_status":"closed","ping_status":"closed","sticky":false,"template":"","format":"standard","meta":{"_acf_changed":false,"footnotes":""},"categories":[165],"tags":[],"class_list":["post-344310","post","type-post","status-publish","format-standard","has-post-thumbnail","hentry","category-nordeste"],"acf":[],"_links":{"self":[{"href":"https:\/\/www.notibras.com\/site\/wp-json\/wp\/v2\/posts\/344310","targetHints":{"allow":["GET"]}}],"collection":[{"href":"https:\/\/www.notibras.com\/site\/wp-json\/wp\/v2\/posts"}],"about":[{"href":"https:\/\/www.notibras.com\/site\/wp-json\/wp\/v2\/types\/post"}],"author":[{"embeddable":true,"href":"https:\/\/www.notibras.com\/site\/wp-json\/wp\/v2\/users\/2"}],"replies":[{"embeddable":true,"href":"https:\/\/www.notibras.com\/site\/wp-json\/wp\/v2\/comments?post=344310"}],"version-history":[{"count":1,"href":"https:\/\/www.notibras.com\/site\/wp-json\/wp\/v2\/posts\/344310\/revisions"}],"predecessor-version":[{"id":344312,"href":"https:\/\/www.notibras.com\/site\/wp-json\/wp\/v2\/posts\/344310\/revisions\/344312"}],"wp:featuredmedia":[{"embeddable":true,"href":"https:\/\/www.notibras.com\/site\/wp-json\/wp\/v2\/media\/344311"}],"wp:attachment":[{"href":"https:\/\/www.notibras.com\/site\/wp-json\/wp\/v2\/media?parent=344310"}],"wp:term":[{"taxonomy":"category","embeddable":true,"href":"https:\/\/www.notibras.com\/site\/wp-json\/wp\/v2\/categories?post=344310"},{"taxonomy":"post_tag","embeddable":true,"href":"https:\/\/www.notibras.com\/site\/wp-json\/wp\/v2\/tags?post=344310"}],"curies":[{"name":"wp","href":"https:\/\/api.w.org\/{rel}","templated":true}]}}