{"id":344341,"date":"2024-12-31T00:00:27","date_gmt":"2024-12-31T03:00:27","guid":{"rendered":"https:\/\/www.notibras.com\/site\/?p=344341"},"modified":"2024-12-31T04:51:01","modified_gmt":"2024-12-31T07:51:01","slug":"policia-de-brasilia-prende-na-bahia-cearense-que-planejava-ataques-na-capital","status":"publish","type":"post","link":"https:\/\/www.notibras.com\/site\/policia-de-brasilia-prende-na-bahia-cearense-que-planejava-ataques-na-capital\/","title":{"rendered":"Pol\u00edcia de Bras\u00edlia prende na Bahia cearense que planejava ataques na capital"},"content":{"rendered":"<p>A Pol\u00edcia Civil do Distrito Federal prendeu numa rodovia da Bahia que d\u00e1 acesso a Bras\u00edlia um homem de 30 anos, em cumprimento a um mandado de pris\u00e3o tempor\u00e1ria expedido pelo Tribunal de Justi\u00e7a do Distrito Federal e dos Territ\u00f3rios (TJDFT). O suspeito segue sob cust\u00f3dia da institui\u00e7\u00e3o e \u00e0 disposi\u00e7\u00e3o da Justi\u00e7a.<\/p>\n<p>As investiga\u00e7\u00f5es tiveram in\u00edcio no s\u00e1bado, 28, ap\u00f3s a Divis\u00e3o de Preven\u00e7\u00e3o e Combate ao Extremismo Violento receber den\u00fancias an\u00f4nimas sobre a chegada a Bras\u00edlia de um indiv\u00edduo que teria a inten\u00e7\u00e3o de cometer atentados violentos.<\/p>\n<p>Com base nas informa\u00e7\u00f5es recebidas, a equipe da Pol\u00edcia Civil iniciou o monitoramento ininterrupto do suspeito, vindo de Fortaleza (CE), e pediu \u00e0 Justi\u00e7a do Distrito Federal a pris\u00e3o tempor\u00e1ria de cinco dias e outras medidas judiciais, que foram deferidas prontamente no plant\u00e3o do Poder Judici\u00e1rio no fim de semana.<\/p>\n<p>A a\u00e7\u00e3o documentada em v\u00eddeo e publicada na rede social da PCDF mostra que os agentes armados usaram helic\u00f3ptero da Divis\u00e3o de Opera\u00e7\u00f5es A\u00e9reas para interceptar, em uma rodovia da Bahia, o caminh\u00e3o no qual o acusado viajava de carona em dire\u00e7\u00e3o a Bras\u00edlia.<\/p>\n<p>Nas imagens, um homem sem camisa aparece detido \u00e0 beira da estrada, ap\u00f3s os agentes ordenarem que sa\u00edsse do ve\u00edculo.<\/p>\n<p>De acordo com informa\u00e7\u00f5es preliminares, o suspeito teria manifestado a inten\u00e7\u00e3o de realizar ataques na capital federal com \u201cgraves consequ\u00eancias\u201d. Em nota, a PCDF afirma que \u201ca r\u00e1pida a\u00e7\u00e3o evitou a concretiza\u00e7\u00e3o de qualquer ato que pudesse colocar em risco a seguran\u00e7a p\u00fablica\u201d.<\/p>\n<p>As investiga\u00e7\u00f5es continuam para reunir outras informa\u00e7\u00f5es relacionadas ao caso. A PCDF ainda apura se h\u00e1 o envolvimento de outras pessoas.<\/p>\n","protected":false},"excerpt":{"rendered":"<p>A Pol\u00edcia Civil do Distrito Federal prendeu numa rodovia da Bahia que d\u00e1 acesso a Bras\u00edlia um homem de 30 anos, em cumprimento a um mandado de pris\u00e3o tempor\u00e1ria expedido pelo Tribunal de Justi\u00e7a do Distrito Federal e dos Territ\u00f3rios (TJDFT). O suspeito segue sob cust\u00f3dia da institui\u00e7\u00e3o e \u00e0 disposi\u00e7\u00e3o da Justi\u00e7a. As investiga\u00e7\u00f5es [&hellip;]<\/p>\n","protected":false},"author":2,"featured_media":344342,"comment_status":"closed","ping_status":"closed","sticky":false,"template":"","format":"standard","meta":{"_acf_changed":false,"footnotes":""},"categories":[165],"tags":[],"class_list":["post-344341","post","type-post","status-publish","format-standard","has-post-thumbnail","hentry","category-nordeste"],"acf":[],"_links":{"self":[{"href":"https:\/\/www.notibras.com\/site\/wp-json\/wp\/v2\/posts\/344341","targetHints":{"allow":["GET"]}}],"collection":[{"href":"https:\/\/www.notibras.com\/site\/wp-json\/wp\/v2\/posts"}],"about":[{"href":"https:\/\/www.notibras.com\/site\/wp-json\/wp\/v2\/types\/post"}],"author":[{"embeddable":true,"href":"https:\/\/www.notibras.com\/site\/wp-json\/wp\/v2\/users\/2"}],"replies":[{"embeddable":true,"href":"https:\/\/www.notibras.com\/site\/wp-json\/wp\/v2\/comments?post=344341"}],"version-history":[{"count":1,"href":"https:\/\/www.notibras.com\/site\/wp-json\/wp\/v2\/posts\/344341\/revisions"}],"predecessor-version":[{"id":344343,"href":"https:\/\/www.notibras.com\/site\/wp-json\/wp\/v2\/posts\/344341\/revisions\/344343"}],"wp:featuredmedia":[{"embeddable":true,"href":"https:\/\/www.notibras.com\/site\/wp-json\/wp\/v2\/media\/344342"}],"wp:attachment":[{"href":"https:\/\/www.notibras.com\/site\/wp-json\/wp\/v2\/media?parent=344341"}],"wp:term":[{"taxonomy":"category","embeddable":true,"href":"https:\/\/www.notibras.com\/site\/wp-json\/wp\/v2\/categories?post=344341"},{"taxonomy":"post_tag","embeddable":true,"href":"https:\/\/www.notibras.com\/site\/wp-json\/wp\/v2\/tags?post=344341"}],"curies":[{"name":"wp","href":"https:\/\/api.w.org\/{rel}","templated":true}]}}