{"id":344347,"date":"2024-12-31T05:01:36","date_gmt":"2024-12-31T08:01:36","guid":{"rendered":"https:\/\/www.notibras.com\/site\/?p=344347"},"modified":"2024-12-31T05:06:13","modified_gmt":"2024-12-31T08:06:13","slug":"e-tempo-de-pipa-mesmo-com-os-brinquedos-eletronicos","status":"publish","type":"post","link":"https:\/\/www.notibras.com\/site\/e-tempo-de-pipa-mesmo-com-os-brinquedos-eletronicos\/","title":{"rendered":"\u00c9 tempo de pipa (mesmo com os brinquedos eletr\u00f4nicos)"},"content":{"rendered":"<p>Tempo de pipa! Meu irm\u00e3o adorava tal \u00e9poca, quando o c\u00e9u ganhava novos coloridos na Cidade Maravilhosa. Eu, o ca\u00e7ula, tratava de acompanh\u00e1-lo, mesmo que soltar pipa nunca tenha sido meu forte. Na verdade, achava uma brincadeira meio chata, ainda mais porque sempre fui muito mais afeito a ir para praia.<\/p>\n<p>Pois bem, eis que no \u00faltimo domingo, quando estava visitando meus sogros em Sobradinho II, fui dar um passeio para conhecer a \u00e1rea. Apesar da discrep\u00e2ncia entre as paisagens candangas e cariocas, eis que algo me fez lembrar da minha inf\u00e2ncia. \u00c9 que havia um pequeno aglomerado de pessoas soltando pipa ou, como dizem aqueles que residem l\u00e1 em Niter\u00f3i, cafifa.<\/p>\n<p>Em plena \u00e9poca de aparelhos celulares repletos de aplicativos, de jogos eletr\u00f4nicos e tantas outras coisas para ocupar o povo, eis que constatei que ainda h\u00e1 esperan\u00e7a para a humanidade. Entre crian\u00e7as, adolescentes e adultos, o assunto eram tr\u00eas varetas cobertas por papel de seda, uma rabiola e a linha com o melhor cerol. Quem bobeasse era cortado, e a pipa voava sem rumo, enquanto um bando corria para ver quem a pegava. T\u00e1 na m\u00e3o!<\/p>\n<p>N\u00e3o sei por quanto tempo fiquei ali observando aquela galera. Talvez tenham sido alguns minutos ou quase uma hora. Realmente n\u00e3o sei, perdi a no\u00e7\u00e3o do tempo. Meu irm\u00e3o, agora um sessent\u00e3o, certamente gostaria daquilo. N\u00e3o duvido, correria para fazer uma pipa e coloc\u00e1-la bem l\u00e1 no alto. Afinal, \u00e9 tempo de pipa!<\/p>\n<p>&#8230;&#8230;&#8230;&#8230;&#8230;&#8230;&#8230;&#8230;&#8230;&#8230;&#8230;&#8230;&#8230;&#8230;&#8230;&#8230;&#8230;&#8230;&#8230;&#8230;&#8230;&#8230;.<\/p>\n<div>*<strong>Eduardo Mart\u00ednez \u00e9 autor do livro \u201c57 Contos e Cr\u00f4nicas por um Autor muito Velho\u201d.<\/strong><\/div>\n<div>\n<div class=\"mvp-post-soc-in\">\n<div id=\"mvp-content-body\" class=\"left relative\">\n<div id=\"mvp-content-body-top\" class=\"left relative\">\n<div id=\"mvp-content-main\" class=\"left relative\">\n<p>Compre aqui\u00a0<span class=\"x19la9d6 x1fc57z9 x6ikm8r x10wlt62 x19co3pv x1g5zs5t xfibh0p xiy17q3 x1xsqp64 x1lkfr7t xexx8yu x4uap5 x18d9i69 xkhd6sd\"><span class=\"xrtxmta x1bhl96m\"><img decoding=\"async\" class=\"emoji\" role=\"img\" draggable=\"false\" src=\"https:\/\/s.w.org\/images\/core\/emoji\/14.0.0\/svg\/1f447-1f3ff.svg\" alt=\"&#x1f447;&#x1f3ff;\" \/><\/span><\/span><span class=\"x19la9d6 x1fc57z9 x6ikm8r x10wlt62 x19co3pv x1g5zs5t xfibh0p xiy17q3 x1xsqp64 x1lkfr7t xexx8yu x4uap5 x18d9i69 xkhd6sd\"><span class=\"xrtxmta x1bhl96m\"><img decoding=\"async\" class=\"emoji\" role=\"img\" draggable=\"false\" src=\"https:\/\/s.w.org\/images\/core\/emoji\/14.0.0\/svg\/1f447-1f3ff.svg\" alt=\"&#x1f447;&#x1f3ff;\" \/><\/span><\/span><span class=\"x19la9d6 x1fc57z9 x6ikm8r x10wlt62 x19co3pv x1g5zs5t xfibh0p xiy17q3 x1xsqp64 x1lkfr7t xexx8yu x4uap5 x18d9i69 xkhd6sd\"><span class=\"xrtxmta x1bhl96m\"><img decoding=\"async\" class=\"emoji\" role=\"img\" draggable=\"false\" src=\"https:\/\/s.w.org\/images\/core\/emoji\/14.0.0\/svg\/1f447-1f3ff.svg\" alt=\"&#x1f447;&#x1f3ff;\" \/><\/span><\/span><\/p>\n<p><a href=\"http:\/\/www.joanineditora.com.br\/57-contos-e-cronicas-por-um-autor-muito-velho\">http:\/\/www.joanineditora.com.br\/57-contos-e-cronicas-por-um-autor-muito-velho<\/a><\/p>\n<\/div>\n<\/div>\n<\/div>\n<\/div>\n<\/div>\n<div id=\"wpdevar_comment_4\"><\/div>\n","protected":false},"excerpt":{"rendered":"<p>Tempo de pipa! Meu irm\u00e3o adorava tal \u00e9poca, quando o c\u00e9u ganhava novos coloridos na Cidade Maravilhosa. Eu, o ca\u00e7ula, tratava de acompanh\u00e1-lo, mesmo que soltar pipa nunca tenha sido meu forte. Na verdade, achava uma brincadeira meio chata, ainda mais porque sempre fui muito mais afeito a ir para praia. Pois bem, eis que [&hellip;]<\/p>\n","protected":false},"author":2,"featured_media":344349,"comment_status":"closed","ping_status":"closed","sticky":false,"template":"","format":"standard","meta":{"_acf_changed":false,"footnotes":""},"categories":[161],"tags":[],"class_list":["post-344347","post","type-post","status-publish","format-standard","has-post-thumbnail","hentry","category-quadradinho-em-foco"],"acf":[],"_links":{"self":[{"href":"https:\/\/www.notibras.com\/site\/wp-json\/wp\/v2\/posts\/344347","targetHints":{"allow":["GET"]}}],"collection":[{"href":"https:\/\/www.notibras.com\/site\/wp-json\/wp\/v2\/posts"}],"about":[{"href":"https:\/\/www.notibras.com\/site\/wp-json\/wp\/v2\/types\/post"}],"author":[{"embeddable":true,"href":"https:\/\/www.notibras.com\/site\/wp-json\/wp\/v2\/users\/2"}],"replies":[{"embeddable":true,"href":"https:\/\/www.notibras.com\/site\/wp-json\/wp\/v2\/comments?post=344347"}],"version-history":[{"count":6,"href":"https:\/\/www.notibras.com\/site\/wp-json\/wp\/v2\/posts\/344347\/revisions"}],"predecessor-version":[{"id":344355,"href":"https:\/\/www.notibras.com\/site\/wp-json\/wp\/v2\/posts\/344347\/revisions\/344355"}],"wp:featuredmedia":[{"embeddable":true,"href":"https:\/\/www.notibras.com\/site\/wp-json\/wp\/v2\/media\/344349"}],"wp:attachment":[{"href":"https:\/\/www.notibras.com\/site\/wp-json\/wp\/v2\/media?parent=344347"}],"wp:term":[{"taxonomy":"category","embeddable":true,"href":"https:\/\/www.notibras.com\/site\/wp-json\/wp\/v2\/categories?post=344347"},{"taxonomy":"post_tag","embeddable":true,"href":"https:\/\/www.notibras.com\/site\/wp-json\/wp\/v2\/tags?post=344347"}],"curies":[{"name":"wp","href":"https:\/\/api.w.org\/{rel}","templated":true}]}}