{"id":344357,"date":"2024-12-31T00:01:13","date_gmt":"2024-12-31T03:01:13","guid":{"rendered":"https:\/\/www.notibras.com\/site\/?p=344357"},"modified":"2024-12-31T05:22:49","modified_gmt":"2024-12-31T08:22:49","slug":"atendimentos-a-emergencias-de-saude-serao-reforcados-durante-reveillon","status":"publish","type":"post","link":"https:\/\/www.notibras.com\/site\/atendimentos-a-emergencias-de-saude-serao-reforcados-durante-reveillon\/","title":{"rendered":"Atendimentos a emerg\u00eancias de sa\u00fade ser\u00e3o refor\u00e7ados durante R\u00e9veillon"},"content":{"rendered":"<p>Para melhor atender os brasilienses que v\u00e3o comemorar as festas de ano-novo, o Servi\u00e7o de Atendimento M\u00f3vel de Urg\u00eancia (Samu) vai posicionar uma unidade m\u00f3vel ao lado do posto m\u00e9dico disponibilizado pela organiza\u00e7\u00e3o do evento na Esplanada dos Minist\u00e9rios, refor\u00e7ando o suporte imediato a atendimentos realizados no local. Al\u00e9m disso, uma unidade de suporte a m\u00faltiplas v\u00edtimas (USMV) estar\u00e1 devidamente preparada para ser despachada \u00e0 Esplanada sempre que necess\u00e1rio, garantindo resposta eficaz a ocorr\u00eancias de maior complexidade, como situa\u00e7\u00f5es envolvendo m\u00faltiplas v\u00edtimas.<\/p>\n<p>Com uma agenda de eventos distribu\u00eddos em todo o territ\u00f3rio, o Samu est\u00e1 devidamente preparado para atender \u00e0s demandas de urg\u00eancia e emerg\u00eancia que possam surgir. \u201cAl\u00e9m do atendimento padr\u00e3o esperado em eventos com grande concentra\u00e7\u00e3o de pessoas, o servi\u00e7o tamb\u00e9m est\u00e1 preparado para lidar com atendimentos em larga escala, caso necess\u00e1rio. Tendas infl\u00e1veis, macas de campanha e todos os insumos e materiais necess\u00e1rios est\u00e3o dispon\u00edveis\u201d, explica o diretor do Samu-DF, Victor Arimateria.<\/p>\n<p>Todos os atendimentos relacionados \u00e0s atividades do R\u00e9veillon passar\u00e3o pelo acionamento tradicional via 192, com a Central de Regula\u00e7\u00e3o do Samu atuando de forma \u00e1gil e eficiente para garantir a assist\u00eancia necess\u00e1ria. A central est\u00e1 preparada para organizar e despachar os recursos adequados \u00e0s demandas identificadas, contando com equipes especializadas e protocolos ajustados \u00e0 magnitude dos eventos.<\/p>\n<p><strong>Outras regi\u00f5es<\/strong><br \/>\nPara garantir assist\u00eancia adequada durante os dias 31 deste m\u00eas e 1\u00ba de janeiro, a Secretaria de Sa\u00fade disponibilizou unidades estrat\u00e9gicas em diferentes regi\u00f5es. Na Regi\u00e3o Sudoeste, a UPA de Vicente Pires estar\u00e1 de prontid\u00e3o. J\u00e1 na Regi\u00e3o Central, o Hospital de Base atender\u00e1 casos de politraumas, bucomaxilo, oftalmologia, otorrino, psiquiatria e suspeitas de AVC.<\/p>\n<p>O Hospital Regional da Asa Norte (Hran) ser\u00e1 refer\u00eancia para cl\u00ednica m\u00e9dica, cirurgia geral, queimaduras, suturas, quedas, odontologia e AVC. O Hospital Materno Infantil de Bras\u00edlia (Hmib) complementa o suporte, tendo como focos a pediatria, a ginecologia e a obstetr\u00edcia, atendendo de forma abrangente as demandas do per\u00edodo festivo.<\/p>\n","protected":false},"excerpt":{"rendered":"<p>Para melhor atender os brasilienses que v\u00e3o comemorar as festas de ano-novo, o Servi\u00e7o de Atendimento M\u00f3vel de Urg\u00eancia (Samu) vai posicionar uma unidade m\u00f3vel ao lado do posto m\u00e9dico disponibilizado pela organiza\u00e7\u00e3o do evento na Esplanada dos Minist\u00e9rios, refor\u00e7ando o suporte imediato a atendimentos realizados no local. Al\u00e9m disso, uma unidade de suporte a [&hellip;]<\/p>\n","protected":false},"author":2,"featured_media":344358,"comment_status":"closed","ping_status":"closed","sticky":false,"template":"","format":"standard","meta":{"_acf_changed":false,"footnotes":""},"categories":[161],"tags":[],"class_list":["post-344357","post","type-post","status-publish","format-standard","has-post-thumbnail","hentry","category-quadradinho-em-foco"],"acf":[],"_links":{"self":[{"href":"https:\/\/www.notibras.com\/site\/wp-json\/wp\/v2\/posts\/344357","targetHints":{"allow":["GET"]}}],"collection":[{"href":"https:\/\/www.notibras.com\/site\/wp-json\/wp\/v2\/posts"}],"about":[{"href":"https:\/\/www.notibras.com\/site\/wp-json\/wp\/v2\/types\/post"}],"author":[{"embeddable":true,"href":"https:\/\/www.notibras.com\/site\/wp-json\/wp\/v2\/users\/2"}],"replies":[{"embeddable":true,"href":"https:\/\/www.notibras.com\/site\/wp-json\/wp\/v2\/comments?post=344357"}],"version-history":[{"count":1,"href":"https:\/\/www.notibras.com\/site\/wp-json\/wp\/v2\/posts\/344357\/revisions"}],"predecessor-version":[{"id":344359,"href":"https:\/\/www.notibras.com\/site\/wp-json\/wp\/v2\/posts\/344357\/revisions\/344359"}],"wp:featuredmedia":[{"embeddable":true,"href":"https:\/\/www.notibras.com\/site\/wp-json\/wp\/v2\/media\/344358"}],"wp:attachment":[{"href":"https:\/\/www.notibras.com\/site\/wp-json\/wp\/v2\/media?parent=344357"}],"wp:term":[{"taxonomy":"category","embeddable":true,"href":"https:\/\/www.notibras.com\/site\/wp-json\/wp\/v2\/categories?post=344357"},{"taxonomy":"post_tag","embeddable":true,"href":"https:\/\/www.notibras.com\/site\/wp-json\/wp\/v2\/tags?post=344357"}],"curies":[{"name":"wp","href":"https:\/\/api.w.org\/{rel}","templated":true}]}}