{"id":34436,"date":"2015-01-19T09:01:49","date_gmt":"2015-01-19T12:01:49","guid":{"rendered":"http:\/\/www.notibras.com\/site\/?p=34436"},"modified":"2015-01-19T16:23:08","modified_gmt":"2015-01-19T19:23:08","slug":"ministerio-publico-rejeita-acordo-coletivo-para-a-operacao-lava-jato","status":"publish","type":"post","link":"https:\/\/www.notibras.com\/site\/ministerio-publico-rejeita-acordo-coletivo-para-a-operacao-lava-jato\/","title":{"rendered":"Minist\u00e9rio P\u00fablico rejeita acordo coletivo na Lava Jato"},"content":{"rendered":"<p class=\"text\">O Minist\u00e9rio P\u00fablico Federal (MPF) n\u00e3o vai firmar acord\u00e3o coletivo pretendido pelas empresas envolvidas na Opera\u00e7\u00e3o Lava Jato, que investiga um esquema de corrup\u00e7\u00e3o e pagamento de propina na Petrobras, de acordo com informa\u00e7\u00f5es do jornal O Estado de S. Paulo.<\/p>\n<p class=\"text\">As empreiteiras podem propor pacto com o MPF, mas esses acordos somente ser\u00e3o firmados individualmente, informou o procurador da Rep\u00fablica Carlos Fernando dos Santos Lima, que integra a for\u00e7a-tarefa da Lava Jato.<\/p>\n<p class=\"text\">Segundo o procurador, eventuais acordos s\u00f3 poder\u00e3o ser assinados com empresas que atenderam algumas condi\u00e7\u00f5es, como \u201cpermitir a abertura de novas frentes de investiga\u00e7\u00e3o, de novas Lava Jato\u201d.<\/p>\n<blockquote>\n<p class=\"text\">\u201cSe houver acordo com uma empreiteira que confesse a sua participa\u00e7\u00e3o nos fatos j\u00e1 em andamento, que permita a repara\u00e7\u00e3o, e, principalmente, que possamos buscar muitas outras responsabiliza\u00e7\u00f5es criminais e c\u00edveis de outras pessoas, naturais ou jur\u00eddicas, o pr\u00f3ximo acordo, com outra empresa, exigir\u00e1 os mesmos requisitos, acrescido de outros crimes que n\u00e3o os informados pela primeira empresa leniente\u201d, afirmou Lima.<\/p>\n<\/blockquote>\n<p class=\"text\">O procurador tamb\u00e9m afirmou que a for\u00e7a-tarefa da Lava Jato encaminhar\u00e1 a empresa que fizer um eventual acordo com o Minist\u00e9rio P\u00fablico a outros \u00f3rg\u00e3os, para que tamb\u00e9m seja estabelecido um acordo quanto \u00e0s puni\u00e7\u00f5es administrativas.<\/p>\n","protected":false},"excerpt":{"rendered":"<p>O Minist\u00e9rio P\u00fablico Federal (MPF) n\u00e3o vai firmar acord\u00e3o coletivo pretendido pelas empresas envolvidas na Opera\u00e7\u00e3o Lava Jato, que investiga um esquema de corrup\u00e7\u00e3o e pagamento de propina na Petrobras, de acordo com informa\u00e7\u00f5es do jornal O Estado de S. Paulo. As empreiteiras podem propor pacto com o MPF, mas esses acordos somente ser\u00e3o firmados [&hellip;]<\/p>\n","protected":false},"author":2,"featured_media":34437,"comment_status":"open","ping_status":"closed","sticky":false,"template":"","format":"standard","meta":{"_acf_changed":false,"footnotes":""},"categories":[16],"tags":[],"class_list":["post-34436","post","type-post","status-publish","format-standard","has-post-thumbnail","hentry","category-brasil"],"acf":[],"yoast_head":"<!-- This site is optimized with the Yoast SEO plugin v27.2 - https:\/\/yoast.com\/product\/yoast-seo-wordpress\/ -->\n<title>Minist\u00e9rio P\u00fablico rejeita acordo coletivo na Lava Jato - Notibras<\/title>\n<meta name=\"robots\" content=\"index, follow, max-snippet:-1, max-image-preview:large, max-video-preview:-1\" \/>\n<link rel=\"canonical\" href=\"https:\/\/www.notibras.com\/site\/ministerio-publico-rejeita-acordo-coletivo-para-a-operacao-lava-jato\/\" \/>\n<meta property=\"og:locale\" content=\"pt_BR\" \/>\n<meta property=\"og:type\" content=\"article\" \/>\n<meta property=\"og:title\" content=\"Minist\u00e9rio P\u00fablico rejeita acordo coletivo na Lava Jato - Notibras\" \/>\n<meta property=\"og:description\" content=\"O Minist\u00e9rio P\u00fablico Federal (MPF) n\u00e3o vai firmar acord\u00e3o coletivo pretendido pelas empresas envolvidas na Opera\u00e7\u00e3o Lava Jato, que investiga um esquema de corrup\u00e7\u00e3o e pagamento de propina na Petrobras, de acordo com informa\u00e7\u00f5es do jornal O Estado de S. Paulo. As empreiteiras podem propor pacto com o MPF, mas esses acordos somente ser\u00e3o firmados [&hellip;]\" \/>\n<meta property=\"og:url\" content=\"https:\/\/www.notibras.com\/site\/ministerio-publico-rejeita-acordo-coletivo-para-a-operacao-lava-jato\/\" \/>\n<meta property=\"og:site_name\" content=\"Notibras\" \/>\n<meta property=\"article:publisher\" content=\"https:\/\/www.facebook.com\/notibras\/\" \/>\n<meta property=\"article:published_time\" content=\"2015-01-19T12:01:49+00:00\" \/>\n<meta property=\"article:modified_time\" content=\"2015-01-19T19:23:08+00:00\" \/>\n<meta property=\"og:image\" content=\"https:\/\/www.notibras.com\/site\/wp-content\/uploads\/2015\/01\/\u00cdndice00.jpeg\" \/>\n\t<meta property=\"og:image:width\" content=\"286\" \/>\n\t<meta property=\"og:image:height\" content=\"176\" \/>\n\t<meta property=\"og:image:type\" content=\"image\/jpeg\" \/>\n<meta name=\"author\" content=\"Reda\u00e7\u00e3o\" \/>\n<meta name=\"twitter:card\" content=\"summary_large_image\" \/>\n<meta name=\"twitter:creator\" content=\"@Notibras\" \/>\n<meta name=\"twitter:site\" content=\"@Notibras\" \/>\n<meta name=\"twitter:label1\" content=\"Escrito por\" \/>\n\t<meta name=\"twitter:data1\" content=\"Reda\u00e7\u00e3o\" \/>\n\t<meta name=\"twitter:label2\" content=\"Est. tempo de leitura\" \/>\n\t<meta name=\"twitter:data2\" content=\"1 minuto\" \/>\n<script type=\"application\/ld+json\" class=\"yoast-schema-graph\">{\"@context\":\"https:\/\/schema.org\",\"@graph\":[{\"@type\":\"Article\",\"@id\":\"https:\/\/www.notibras.com\/site\/ministerio-publico-rejeita-acordo-coletivo-para-a-operacao-lava-jato\/#article\",\"isPartOf\":{\"@id\":\"https:\/\/www.notibras.com\/site\/ministerio-publico-rejeita-acordo-coletivo-para-a-operacao-lava-jato\/\"},\"author\":{\"name\":\"Reda\u00e7\u00e3o\",\"@id\":\"https:\/\/www.notibras.com\/site\/#\/schema\/person\/36ab0979449956132d3e5b517ea76ac8\"},\"headline\":\"Minist\u00e9rio P\u00fablico rejeita acordo coletivo na Lava Jato\",\"datePublished\":\"2015-01-19T12:01:49+00:00\",\"dateModified\":\"2015-01-19T19:23:08+00:00\",\"mainEntityOfPage\":{\"@id\":\"https:\/\/www.notibras.com\/site\/ministerio-publico-rejeita-acordo-coletivo-para-a-operacao-lava-jato\/\"},\"wordCount\":235,\"commentCount\":0,\"publisher\":{\"@id\":\"https:\/\/www.notibras.com\/site\/#organization\"},\"image\":{\"@id\":\"https:\/\/www.notibras.com\/site\/ministerio-publico-rejeita-acordo-coletivo-para-a-operacao-lava-jato\/#primaryimage\"},\"thumbnailUrl\":\"https:\/\/www.notibras.com\/site\/wp-content\/uploads\/2015\/01\/\u00cdndice00.jpeg\",\"articleSection\":[\"Brasil\"],\"inLanguage\":\"pt-BR\",\"potentialAction\":[{\"@type\":\"CommentAction\",\"name\":\"Comment\",\"target\":[\"https:\/\/www.notibras.com\/site\/ministerio-publico-rejeita-acordo-coletivo-para-a-operacao-lava-jato\/#respond\"]}]},{\"@type\":\"WebPage\",\"@id\":\"https:\/\/www.notibras.com\/site\/ministerio-publico-rejeita-acordo-coletivo-para-a-operacao-lava-jato\/\",\"url\":\"https:\/\/www.notibras.com\/site\/ministerio-publico-rejeita-acordo-coletivo-para-a-operacao-lava-jato\/\",\"name\":\"Minist\u00e9rio P\u00fablico rejeita acordo coletivo na Lava Jato - Notibras\",\"isPartOf\":{\"@id\":\"https:\/\/www.notibras.com\/site\/#website\"},\"primaryImageOfPage\":{\"@id\":\"https:\/\/www.notibras.com\/site\/ministerio-publico-rejeita-acordo-coletivo-para-a-operacao-lava-jato\/#primaryimage\"},\"image\":{\"@id\":\"https:\/\/www.notibras.com\/site\/ministerio-publico-rejeita-acordo-coletivo-para-a-operacao-lava-jato\/#primaryimage\"},\"thumbnailUrl\":\"https:\/\/www.notibras.com\/site\/wp-content\/uploads\/2015\/01\/\u00cdndice00.jpeg\",\"datePublished\":\"2015-01-19T12:01:49+00:00\",\"dateModified\":\"2015-01-19T19:23:08+00:00\",\"breadcrumb\":{\"@id\":\"https:\/\/www.notibras.com\/site\/ministerio-publico-rejeita-acordo-coletivo-para-a-operacao-lava-jato\/#breadcrumb\"},\"inLanguage\":\"pt-BR\",\"potentialAction\":[{\"@type\":\"ReadAction\",\"target\":[\"https:\/\/www.notibras.com\/site\/ministerio-publico-rejeita-acordo-coletivo-para-a-operacao-lava-jato\/\"]}]},{\"@type\":\"ImageObject\",\"inLanguage\":\"pt-BR\",\"@id\":\"https:\/\/www.notibras.com\/site\/ministerio-publico-rejeita-acordo-coletivo-para-a-operacao-lava-jato\/#primaryimage\",\"url\":\"https:\/\/www.notibras.com\/site\/wp-content\/uploads\/2015\/01\/\u00cdndice00.jpeg\",\"contentUrl\":\"https:\/\/www.notibras.com\/site\/wp-content\/uploads\/2015\/01\/\u00cdndice00.jpeg\",\"width\":286,\"height\":176},{\"@type\":\"BreadcrumbList\",\"@id\":\"https:\/\/www.notibras.com\/site\/ministerio-publico-rejeita-acordo-coletivo-para-a-operacao-lava-jato\/#breadcrumb\",\"itemListElement\":[{\"@type\":\"ListItem\",\"position\":1,\"name\":\"In\u00edcio\",\"item\":\"https:\/\/www.notibras.com\/site\/\"},{\"@type\":\"ListItem\",\"position\":2,\"name\":\"Minist\u00e9rio P\u00fablico rejeita acordo coletivo na Lava Jato\"}]},{\"@type\":\"WebSite\",\"@id\":\"https:\/\/www.notibras.com\/site\/#website\",\"url\":\"https:\/\/www.notibras.com\/site\/\",\"name\":\"Notibras\",\"description\":\"Not\u00edcias de Bras\u00edlia, do Brasil e do Mundo\",\"publisher\":{\"@id\":\"https:\/\/www.notibras.com\/site\/#organization\"},\"potentialAction\":[{\"@type\":\"SearchAction\",\"target\":{\"@type\":\"EntryPoint\",\"urlTemplate\":\"https:\/\/www.notibras.com\/site\/?s={search_term_string}\"},\"query-input\":{\"@type\":\"PropertyValueSpecification\",\"valueRequired\":true,\"valueName\":\"search_term_string\"}}],\"inLanguage\":\"pt-BR\"},{\"@type\":\"Organization\",\"@id\":\"https:\/\/www.notibras.com\/site\/#organization\",\"name\":\"Grupo Notibras de Comunica\u00e7\u00e3o\",\"url\":\"https:\/\/www.notibras.com\/site\/\",\"logo\":{\"@type\":\"ImageObject\",\"inLanguage\":\"pt-BR\",\"@id\":\"https:\/\/www.notibras.com\/site\/#\/schema\/logo\/image\/\",\"url\":\"https:\/\/www.notibras.com\/site\/wp-content\/uploads\/2023\/01\/notibras23.png\",\"contentUrl\":\"https:\/\/www.notibras.com\/site\/wp-content\/uploads\/2023\/01\/notibras23.png\",\"width\":350,\"height\":87,\"caption\":\"Grupo Notibras de Comunica\u00e7\u00e3o\"},\"image\":{\"@id\":\"https:\/\/www.notibras.com\/site\/#\/schema\/logo\/image\/\"},\"sameAs\":[\"https:\/\/www.facebook.com\/notibras\/\",\"https:\/\/x.com\/Notibras\",\"https:\/\/www.instagram.com\/notibras\/\"]},{\"@type\":\"Person\",\"@id\":\"https:\/\/www.notibras.com\/site\/#\/schema\/person\/36ab0979449956132d3e5b517ea76ac8\",\"name\":\"Reda\u00e7\u00e3o\",\"image\":{\"@type\":\"ImageObject\",\"inLanguage\":\"pt-BR\",\"@id\":\"https:\/\/secure.gravatar.com\/avatar\/e0a867bdedb85fd243eadf09663511f96fc81e0720a4a42581f334ad4303aa6b?s=96&d=mm&r=g\",\"url\":\"https:\/\/secure.gravatar.com\/avatar\/e0a867bdedb85fd243eadf09663511f96fc81e0720a4a42581f334ad4303aa6b?s=96&d=mm&r=g\",\"contentUrl\":\"https:\/\/secure.gravatar.com\/avatar\/e0a867bdedb85fd243eadf09663511f96fc81e0720a4a42581f334ad4303aa6b?s=96&d=mm&r=g\",\"caption\":\"Reda\u00e7\u00e3o\"}}]}<\/script>\n<!-- \/ Yoast SEO plugin. -->","yoast_head_json":{"title":"Minist\u00e9rio P\u00fablico rejeita acordo coletivo na Lava Jato - Notibras","robots":{"index":"index","follow":"follow","max-snippet":"max-snippet:-1","max-image-preview":"max-image-preview:large","max-video-preview":"max-video-preview:-1"},"canonical":"https:\/\/www.notibras.com\/site\/ministerio-publico-rejeita-acordo-coletivo-para-a-operacao-lava-jato\/","og_locale":"pt_BR","og_type":"article","og_title":"Minist\u00e9rio P\u00fablico rejeita acordo coletivo na Lava Jato - Notibras","og_description":"O Minist\u00e9rio P\u00fablico Federal (MPF) n\u00e3o vai firmar acord\u00e3o coletivo pretendido pelas empresas envolvidas na Opera\u00e7\u00e3o Lava Jato, que investiga um esquema de corrup\u00e7\u00e3o e pagamento de propina na Petrobras, de acordo com informa\u00e7\u00f5es do jornal O Estado de S. Paulo. As empreiteiras podem propor pacto com o MPF, mas esses acordos somente ser\u00e3o firmados [&hellip;]","og_url":"https:\/\/www.notibras.com\/site\/ministerio-publico-rejeita-acordo-coletivo-para-a-operacao-lava-jato\/","og_site_name":"Notibras","article_publisher":"https:\/\/www.facebook.com\/notibras\/","article_published_time":"2015-01-19T12:01:49+00:00","article_modified_time":"2015-01-19T19:23:08+00:00","og_image":[{"width":286,"height":176,"url":"https:\/\/www.notibras.com\/site\/wp-content\/uploads\/2015\/01\/\u00cdndice00.jpeg","type":"image\/jpeg"}],"author":"Reda\u00e7\u00e3o","twitter_card":"summary_large_image","twitter_creator":"@Notibras","twitter_site":"@Notibras","twitter_misc":{"Escrito por":"Reda\u00e7\u00e3o","Est. tempo de leitura":"1 minuto"},"schema":{"@context":"https:\/\/schema.org","@graph":[{"@type":"Article","@id":"https:\/\/www.notibras.com\/site\/ministerio-publico-rejeita-acordo-coletivo-para-a-operacao-lava-jato\/#article","isPartOf":{"@id":"https:\/\/www.notibras.com\/site\/ministerio-publico-rejeita-acordo-coletivo-para-a-operacao-lava-jato\/"},"author":{"name":"Reda\u00e7\u00e3o","@id":"https:\/\/www.notibras.com\/site\/#\/schema\/person\/36ab0979449956132d3e5b517ea76ac8"},"headline":"Minist\u00e9rio P\u00fablico rejeita acordo coletivo na Lava Jato","datePublished":"2015-01-19T12:01:49+00:00","dateModified":"2015-01-19T19:23:08+00:00","mainEntityOfPage":{"@id":"https:\/\/www.notibras.com\/site\/ministerio-publico-rejeita-acordo-coletivo-para-a-operacao-lava-jato\/"},"wordCount":235,"commentCount":0,"publisher":{"@id":"https:\/\/www.notibras.com\/site\/#organization"},"image":{"@id":"https:\/\/www.notibras.com\/site\/ministerio-publico-rejeita-acordo-coletivo-para-a-operacao-lava-jato\/#primaryimage"},"thumbnailUrl":"https:\/\/www.notibras.com\/site\/wp-content\/uploads\/2015\/01\/\u00cdndice00.jpeg","articleSection":["Brasil"],"inLanguage":"pt-BR","potentialAction":[{"@type":"CommentAction","name":"Comment","target":["https:\/\/www.notibras.com\/site\/ministerio-publico-rejeita-acordo-coletivo-para-a-operacao-lava-jato\/#respond"]}]},{"@type":"WebPage","@id":"https:\/\/www.notibras.com\/site\/ministerio-publico-rejeita-acordo-coletivo-para-a-operacao-lava-jato\/","url":"https:\/\/www.notibras.com\/site\/ministerio-publico-rejeita-acordo-coletivo-para-a-operacao-lava-jato\/","name":"Minist\u00e9rio P\u00fablico rejeita acordo coletivo na Lava Jato - Notibras","isPartOf":{"@id":"https:\/\/www.notibras.com\/site\/#website"},"primaryImageOfPage":{"@id":"https:\/\/www.notibras.com\/site\/ministerio-publico-rejeita-acordo-coletivo-para-a-operacao-lava-jato\/#primaryimage"},"image":{"@id":"https:\/\/www.notibras.com\/site\/ministerio-publico-rejeita-acordo-coletivo-para-a-operacao-lava-jato\/#primaryimage"},"thumbnailUrl":"https:\/\/www.notibras.com\/site\/wp-content\/uploads\/2015\/01\/\u00cdndice00.jpeg","datePublished":"2015-01-19T12:01:49+00:00","dateModified":"2015-01-19T19:23:08+00:00","breadcrumb":{"@id":"https:\/\/www.notibras.com\/site\/ministerio-publico-rejeita-acordo-coletivo-para-a-operacao-lava-jato\/#breadcrumb"},"inLanguage":"pt-BR","potentialAction":[{"@type":"ReadAction","target":["https:\/\/www.notibras.com\/site\/ministerio-publico-rejeita-acordo-coletivo-para-a-operacao-lava-jato\/"]}]},{"@type":"ImageObject","inLanguage":"pt-BR","@id":"https:\/\/www.notibras.com\/site\/ministerio-publico-rejeita-acordo-coletivo-para-a-operacao-lava-jato\/#primaryimage","url":"https:\/\/www.notibras.com\/site\/wp-content\/uploads\/2015\/01\/\u00cdndice00.jpeg","contentUrl":"https:\/\/www.notibras.com\/site\/wp-content\/uploads\/2015\/01\/\u00cdndice00.jpeg","width":286,"height":176},{"@type":"BreadcrumbList","@id":"https:\/\/www.notibras.com\/site\/ministerio-publico-rejeita-acordo-coletivo-para-a-operacao-lava-jato\/#breadcrumb","itemListElement":[{"@type":"ListItem","position":1,"name":"In\u00edcio","item":"https:\/\/www.notibras.com\/site\/"},{"@type":"ListItem","position":2,"name":"Minist\u00e9rio P\u00fablico rejeita acordo coletivo na Lava Jato"}]},{"@type":"WebSite","@id":"https:\/\/www.notibras.com\/site\/#website","url":"https:\/\/www.notibras.com\/site\/","name":"Notibras","description":"Not\u00edcias de Bras\u00edlia, do Brasil e do Mundo","publisher":{"@id":"https:\/\/www.notibras.com\/site\/#organization"},"potentialAction":[{"@type":"SearchAction","target":{"@type":"EntryPoint","urlTemplate":"https:\/\/www.notibras.com\/site\/?s={search_term_string}"},"query-input":{"@type":"PropertyValueSpecification","valueRequired":true,"valueName":"search_term_string"}}],"inLanguage":"pt-BR"},{"@type":"Organization","@id":"https:\/\/www.notibras.com\/site\/#organization","name":"Grupo Notibras de Comunica\u00e7\u00e3o","url":"https:\/\/www.notibras.com\/site\/","logo":{"@type":"ImageObject","inLanguage":"pt-BR","@id":"https:\/\/www.notibras.com\/site\/#\/schema\/logo\/image\/","url":"https:\/\/www.notibras.com\/site\/wp-content\/uploads\/2023\/01\/notibras23.png","contentUrl":"https:\/\/www.notibras.com\/site\/wp-content\/uploads\/2023\/01\/notibras23.png","width":350,"height":87,"caption":"Grupo Notibras de Comunica\u00e7\u00e3o"},"image":{"@id":"https:\/\/www.notibras.com\/site\/#\/schema\/logo\/image\/"},"sameAs":["https:\/\/www.facebook.com\/notibras\/","https:\/\/x.com\/Notibras","https:\/\/www.instagram.com\/notibras\/"]},{"@type":"Person","@id":"https:\/\/www.notibras.com\/site\/#\/schema\/person\/36ab0979449956132d3e5b517ea76ac8","name":"Reda\u00e7\u00e3o","image":{"@type":"ImageObject","inLanguage":"pt-BR","@id":"https:\/\/secure.gravatar.com\/avatar\/e0a867bdedb85fd243eadf09663511f96fc81e0720a4a42581f334ad4303aa6b?s=96&d=mm&r=g","url":"https:\/\/secure.gravatar.com\/avatar\/e0a867bdedb85fd243eadf09663511f96fc81e0720a4a42581f334ad4303aa6b?s=96&d=mm&r=g","contentUrl":"https:\/\/secure.gravatar.com\/avatar\/e0a867bdedb85fd243eadf09663511f96fc81e0720a4a42581f334ad4303aa6b?s=96&d=mm&r=g","caption":"Reda\u00e7\u00e3o"}}]}},"amp_enabled":true,"_links":{"self":[{"href":"https:\/\/www.notibras.com\/site\/wp-json\/wp\/v2\/posts\/34436","targetHints":{"allow":["GET"]}}],"collection":[{"href":"https:\/\/www.notibras.com\/site\/wp-json\/wp\/v2\/posts"}],"about":[{"href":"https:\/\/www.notibras.com\/site\/wp-json\/wp\/v2\/types\/post"}],"author":[{"embeddable":true,"href":"https:\/\/www.notibras.com\/site\/wp-json\/wp\/v2\/users\/2"}],"replies":[{"embeddable":true,"href":"https:\/\/www.notibras.com\/site\/wp-json\/wp\/v2\/comments?post=34436"}],"version-history":[{"count":0,"href":"https:\/\/www.notibras.com\/site\/wp-json\/wp\/v2\/posts\/34436\/revisions"}],"wp:featuredmedia":[{"embeddable":true,"href":"https:\/\/www.notibras.com\/site\/wp-json\/wp\/v2\/media\/34437"}],"wp:attachment":[{"href":"https:\/\/www.notibras.com\/site\/wp-json\/wp\/v2\/media?parent=34436"}],"wp:term":[{"taxonomy":"category","embeddable":true,"href":"https:\/\/www.notibras.com\/site\/wp-json\/wp\/v2\/categories?post=34436"},{"taxonomy":"post_tag","embeddable":true,"href":"https:\/\/www.notibras.com\/site\/wp-json\/wp\/v2\/tags?post=34436"}],"curies":[{"name":"wp","href":"https:\/\/api.w.org\/{rel}","templated":true}]}}