{"id":344360,"date":"2024-12-31T00:00:18","date_gmt":"2024-12-31T03:00:18","guid":{"rendered":"https:\/\/www.notibras.com\/site\/?p=344360"},"modified":"2024-12-31T05:27:16","modified_gmt":"2024-12-31T08:27:16","slug":"escola-de-musica-homenageia-joaquim-callado-e-maurice-ravel","status":"publish","type":"post","link":"https:\/\/www.notibras.com\/site\/escola-de-musica-homenageia-joaquim-callado-e-maurice-ravel\/","title":{"rendered":"Escola de M\u00fasica homenageia Joaquim Callado e Maurice Ravel"},"content":{"rendered":"<p>A Escola de M\u00fasica de Bras\u00edlia (EMB) abre as portas para a 46\u00aa edi\u00e7\u00e3o do Curso Internacional de Ver\u00e3o de Bras\u00edlia (Civebra), a ser realizado entre 12 e 25 de janeiro de 2025. O evento, que conta com o fomento da Secretaria de Educa\u00e7\u00e3o (SEEDF), vai homenagear o compositor brasileiro Joaquim Callado, um dos pioneiros do choro, e o c\u00e9lebre compositor franc\u00eas Maurice Ravel, reconhecido mundialmente pelo repert\u00f3rio erudito.<\/p>\n<p>Durante o Civebra, professores do Brasil e do exterior v\u00e3o ministrar aulas presenciais e transmitidas ao vivo, abrangendo instrumentos musicais, canto erudito, canto popular, produ\u00e7\u00e3o musical, arranjo e reg\u00eancia.<\/p>\n<p>Al\u00e9m das aulas, o p\u00fablico poder\u00e1 assistir a recitais, concertos, shows e palestras realizados diariamente nos teatros da EMB, sempre com entrada gratuita. O concerto de abertura ser\u00e1 em 12 de janeiro, \u00e0s 19h, e o encerramento est\u00e1 marcado para 25 de janeiro, com hor\u00e1rio a ser definido.<\/p>\n<p>As inscri\u00e7\u00f5es j\u00e1 est\u00e3o abertas e podem ser feitas presencialmente na secretaria da EMB. A programa\u00e7\u00e3o \u00e9 destinada tanto a m\u00fasicos profissionais quanto a estudantes e entusiastas da m\u00fasica, com op\u00e7\u00f5es de cursos para todos os n\u00edveis de habilidade.<\/p>\n<p><strong>Tradi\u00e7\u00e3o musical<\/strong><br \/>\nO Civebra foi criado pelo maestro Levino de Alc\u00e2ntara, fundador da EMB, com o objetivo de fomentar e atualizar o ensino musical no Centro-Oeste. \u201cMesmo durante a pandemia, conseguimos realizar o festival, e hoje vemos ex-alunos da EMB e do pr\u00f3prio Civebra voltando como professores convidados. Isso d\u00e1 mais personalidade ao curso e refor\u00e7a sua identidade \u00fanica\u201d, destaca Davson de Souza, diretor da EMB.<\/p>\n<p>A EMB, que completou 60 anos em 2024, \u00e9 refer\u00eancia nacional no ensino de m\u00fasica erudita e contempor\u00e2nea no Distrito Federal. A institui\u00e7\u00e3o acad\u00eamica contempla tamb\u00e9m a forma\u00e7\u00e3o profissional dos alunos para o mercado de trabalho, ministrando aulas sobre produ\u00e7\u00e3o musical, audiovisual, audiograva\u00e7\u00e3o e tecnologia aplicada \u00e0 m\u00fasica.<\/p>\n","protected":false},"excerpt":{"rendered":"<p>A Escola de M\u00fasica de Bras\u00edlia (EMB) abre as portas para a 46\u00aa edi\u00e7\u00e3o do Curso Internacional de Ver\u00e3o de Bras\u00edlia (Civebra), a ser realizado entre 12 e 25 de janeiro de 2025. O evento, que conta com o fomento da Secretaria de Educa\u00e7\u00e3o (SEEDF), vai homenagear o compositor brasileiro Joaquim Callado, um dos pioneiros [&hellip;]<\/p>\n","protected":false},"author":2,"featured_media":344361,"comment_status":"closed","ping_status":"closed","sticky":false,"template":"","format":"standard","meta":{"_acf_changed":false,"footnotes":""},"categories":[161],"tags":[],"class_list":["post-344360","post","type-post","status-publish","format-standard","has-post-thumbnail","hentry","category-quadradinho-em-foco"],"acf":[],"_links":{"self":[{"href":"https:\/\/www.notibras.com\/site\/wp-json\/wp\/v2\/posts\/344360","targetHints":{"allow":["GET"]}}],"collection":[{"href":"https:\/\/www.notibras.com\/site\/wp-json\/wp\/v2\/posts"}],"about":[{"href":"https:\/\/www.notibras.com\/site\/wp-json\/wp\/v2\/types\/post"}],"author":[{"embeddable":true,"href":"https:\/\/www.notibras.com\/site\/wp-json\/wp\/v2\/users\/2"}],"replies":[{"embeddable":true,"href":"https:\/\/www.notibras.com\/site\/wp-json\/wp\/v2\/comments?post=344360"}],"version-history":[{"count":1,"href":"https:\/\/www.notibras.com\/site\/wp-json\/wp\/v2\/posts\/344360\/revisions"}],"predecessor-version":[{"id":344362,"href":"https:\/\/www.notibras.com\/site\/wp-json\/wp\/v2\/posts\/344360\/revisions\/344362"}],"wp:featuredmedia":[{"embeddable":true,"href":"https:\/\/www.notibras.com\/site\/wp-json\/wp\/v2\/media\/344361"}],"wp:attachment":[{"href":"https:\/\/www.notibras.com\/site\/wp-json\/wp\/v2\/media?parent=344360"}],"wp:term":[{"taxonomy":"category","embeddable":true,"href":"https:\/\/www.notibras.com\/site\/wp-json\/wp\/v2\/categories?post=344360"},{"taxonomy":"post_tag","embeddable":true,"href":"https:\/\/www.notibras.com\/site\/wp-json\/wp\/v2\/tags?post=344360"}],"curies":[{"name":"wp","href":"https:\/\/api.w.org\/{rel}","templated":true}]}}