{"id":344363,"date":"2024-12-31T00:00:52","date_gmt":"2024-12-31T03:00:52","guid":{"rendered":"https:\/\/www.notibras.com\/site\/?p=344363"},"modified":"2024-12-31T05:33:23","modified_gmt":"2024-12-31T08:33:23","slug":"cooperacao-entre-agricultura-e-saude-reforca-seguranca-alimentar-e-hidrica","status":"publish","type":"post","link":"https:\/\/www.notibras.com\/site\/cooperacao-entre-agricultura-e-saude-reforca-seguranca-alimentar-e-hidrica\/","title":{"rendered":"Coopera\u00e7\u00e3o entre agricultura e sa\u00fade refor\u00e7a seguran\u00e7a alimentar e h\u00eddrica"},"content":{"rendered":"<p>A partir de janeiro, entra em vigor no Distrito Federal um acordo de coopera\u00e7\u00e3o t\u00e9cnico-operacional entre as secretarias de Agricultura, Abastecimento e Desenvolvimento Rural (Seagri-DF) e a de Sa\u00fade (SES-DF). Uma estrutura do Laborat\u00f3rio de Sa\u00fade P\u00fablica (Lacen) ser\u00e1 utilizada por servidores da Agricultura para realiza\u00e7\u00e3o de an\u00e1lises.<\/p>\n<p>A parceria tem como objetivo fortalecer a seguran\u00e7a alimentar e a qualidade da \u00e1gua na regi\u00e3o, ampliando o controle de produtos de origem vegetal e animal, al\u00e9m de garantir an\u00e1lises mais \u00e1geis. Com o novo modelo de coopera\u00e7\u00e3o, o Lacen far\u00e1 an\u00e1lises f\u00edsico-qu\u00edmicas e microbiol\u00f3gicas de alimentos e \u00e1gua coletadas nas fiscaliza\u00e7\u00f5es da Seagri-DF.<\/p>\n<p>\u201cEsse acordo representa um avan\u00e7o significativo para a vigil\u00e2ncia sanit\u00e1ria e a sa\u00fade p\u00fablica do Distrito Federal. A integra\u00e7\u00e3o entre as equipes permite uma atua\u00e7\u00e3o mais eficaz no combate a poss\u00edveis irregularidades, garantindo a prote\u00e7\u00e3o da popula\u00e7\u00e3o e a melhoria cont\u00ednua da qualidade dos produtos consumidos diariamente\u201d, aponta a Secret\u00e1ria de Sa\u00fade, Lucilene Flor\u00eancio.<\/p>\n<p>O secret\u00e1rio de Agricultura, Abastecimento e Desenvolvimento Rural, Rafael Bueno, avalia que o acordo marca um novo patamar para o controle de qualidade no DF: \u201cA redu\u00e7\u00e3o no tempo de emiss\u00e3o dos laudos t\u00e9cnicos ser\u00e1 crucial para subsidiar a\u00e7\u00f5es r\u00e1pidas e eficazes, minimizando riscos e fortalecendo a revis\u00e3o das a\u00e7\u00f5es fiscais e do desenvolvimento da cadeia produtiva agropecu\u00e1ria.\u201d<\/p>\n<p>Um dos pilares do acordo \u00e9 a otimiza\u00e7\u00e3o de recursos p\u00fablicos. A Seagri-DF acordos no Lacen, da Secretaria de Sa\u00fade, uma estrutura laboratorial altamente comprometida e apta para elaborar as an\u00e1lises f\u00edsico-qu\u00edmicas e microbiol\u00f3gicas permitidas.<\/p>\n<p>As an\u00e1lises ser\u00e3o feitas em amostras coletadas em fiscaliza\u00e7\u00f5es da Seagri-DF, em estabelecimentos registrados e de produtos familiares atendidos pela Empresa de Assist\u00eancia T\u00e9cnica e Extens\u00e3o Rural (Emater-DF). \u201cCom a uni\u00e3o de esfor\u00e7os das secretarias, teremos o uso compartilhado de infraestrutura e otimiza\u00e7\u00e3o de recursos materiais e humanos, gerando maior efici\u00eancia nas an\u00e1lises\u201d, garante Fabiano Queiroz Costa, gerente de biologia m\u00e9dica do Lacen.<\/p>\n","protected":false},"excerpt":{"rendered":"<p>A partir de janeiro, entra em vigor no Distrito Federal um acordo de coopera\u00e7\u00e3o t\u00e9cnico-operacional entre as secretarias de Agricultura, Abastecimento e Desenvolvimento Rural (Seagri-DF) e a de Sa\u00fade (SES-DF). Uma estrutura do Laborat\u00f3rio de Sa\u00fade P\u00fablica (Lacen) ser\u00e1 utilizada por servidores da Agricultura para realiza\u00e7\u00e3o de an\u00e1lises. A parceria tem como objetivo fortalecer a [&hellip;]<\/p>\n","protected":false},"author":2,"featured_media":344364,"comment_status":"closed","ping_status":"closed","sticky":false,"template":"","format":"standard","meta":{"_acf_changed":false,"footnotes":""},"categories":[161],"tags":[],"class_list":["post-344363","post","type-post","status-publish","format-standard","has-post-thumbnail","hentry","category-quadradinho-em-foco"],"acf":[],"_links":{"self":[{"href":"https:\/\/www.notibras.com\/site\/wp-json\/wp\/v2\/posts\/344363","targetHints":{"allow":["GET"]}}],"collection":[{"href":"https:\/\/www.notibras.com\/site\/wp-json\/wp\/v2\/posts"}],"about":[{"href":"https:\/\/www.notibras.com\/site\/wp-json\/wp\/v2\/types\/post"}],"author":[{"embeddable":true,"href":"https:\/\/www.notibras.com\/site\/wp-json\/wp\/v2\/users\/2"}],"replies":[{"embeddable":true,"href":"https:\/\/www.notibras.com\/site\/wp-json\/wp\/v2\/comments?post=344363"}],"version-history":[{"count":1,"href":"https:\/\/www.notibras.com\/site\/wp-json\/wp\/v2\/posts\/344363\/revisions"}],"predecessor-version":[{"id":344365,"href":"https:\/\/www.notibras.com\/site\/wp-json\/wp\/v2\/posts\/344363\/revisions\/344365"}],"wp:featuredmedia":[{"embeddable":true,"href":"https:\/\/www.notibras.com\/site\/wp-json\/wp\/v2\/media\/344364"}],"wp:attachment":[{"href":"https:\/\/www.notibras.com\/site\/wp-json\/wp\/v2\/media?parent=344363"}],"wp:term":[{"taxonomy":"category","embeddable":true,"href":"https:\/\/www.notibras.com\/site\/wp-json\/wp\/v2\/categories?post=344363"},{"taxonomy":"post_tag","embeddable":true,"href":"https:\/\/www.notibras.com\/site\/wp-json\/wp\/v2\/tags?post=344363"}],"curies":[{"name":"wp","href":"https:\/\/api.w.org\/{rel}","templated":true}]}}