{"id":344366,"date":"2024-12-31T00:00:39","date_gmt":"2024-12-31T03:00:39","guid":{"rendered":"https:\/\/www.notibras.com\/site\/?p=344366"},"modified":"2024-12-31T05:57:19","modified_gmt":"2024-12-31T08:57:19","slug":"moradores-sao-orientados-sobre-mudancas-nas-coletas-de-lixo","status":"publish","type":"post","link":"https:\/\/www.notibras.com\/site\/moradores-sao-orientados-sobre-mudancas-nas-coletas-de-lixo\/","title":{"rendered":"Moradores s\u00e3o orientados sobre mudan\u00e7as nas coletas de lixo"},"content":{"rendered":"<p>A equipe de mobiliza\u00e7\u00e3o e educa\u00e7\u00e3o ambiental do Servi\u00e7o de Limpeza Urbana (SLU) percorreu, nesta segunda-feira (30), a Rua 4 de Vicente Pires para orientar os moradores sobre as mudan\u00e7as nos dias e hor\u00e1rios das coletas seletiva e convencional na regi\u00e3o. A a\u00e7\u00e3o contou tamb\u00e9m com carro de som para ampliar o alcance das informa\u00e7\u00f5es.<\/p>\n<p>Em Vicente Pires, a coleta convencional passou a ser realizada no per\u00edodo noturno, entre 19h e 3h, enquanto a coleta seletiva ocorre no per\u00edodo diurno, entre 7h e 15h, com os dias variando conforme a localidade. Os moradores podem conferir os detalhes atualizados no site do SLU, no aplicativo SLU Coleta DF e no perfil do Instagram @slu.df.<\/p>\n<p>O diretor-adjunto do SLU, Cleilson Gadelha, destacou a import\u00e2ncia de utilizar as ferramentas digitais para acompanhar o servi\u00e7o: \u201cO SLU orienta a popula\u00e7\u00e3o a baixar o aplicativo SLU Coleta DF, pois, al\u00e9m de verificar os dias e hor\u00e1rios, \u00e9 poss\u00edvel acompanhar o caminh\u00e3o da coleta em tempo real. Tamb\u00e9m disponibilizamos no site um tutorial explicando o uso do aplicativo\u201d, esclarece.<\/p>\n<p>O SLU conta com tr\u00eas equipes de mobiliza\u00e7\u00e3o ambiental, formadas por sete mobilizadores cada, que atuam nas regi\u00f5es Norte, Oeste e Sul do Distrito Federal. Al\u00e9m do trabalho presencial, as a\u00e7\u00f5es s\u00e3o refor\u00e7adas por carros de som, ampliando o alcance das orienta\u00e7\u00f5es, especialmente em \u00e1reas com dif\u00edcil acesso ou comunica\u00e7\u00e3o restrita, como os condom\u00ednios de Vicente Pires.<\/p>\n<p>Na a\u00e7\u00e3o desta segunda, as mobilizadoras encontraram desafios para conversar diretamente com moradores devido \u00e0 aus\u00eancia de portarias nos condom\u00ednios. No entanto, ainda conseguiram orientar comerciantes e pedestres. Alex Batista, respons\u00e1vel pela limpeza e apoio administrativo do Residencial Sophia, comentou sobre o funcionamento do descarte de res\u00edduos no condom\u00ednio. \u201cAqui cada morador leva o seu lixo para o cont\u00eainer. Deixamos tudo organizado para os moradores descartar dentro do cont\u00eainer, fazendo a parte deles, conforme a orienta\u00e7\u00e3o de voc\u00eas\u201d, disse.<\/p>\n<p>O SLU refor\u00e7a que cada condom\u00ednio deve dispor de dois cont\u00eaineres, um para res\u00edduos recicl\u00e1veis e outro para res\u00edduos convencionais. Essa separa\u00e7\u00e3o \u00e9 essencial para que os caminh\u00f5es realizem as coletas de forma eficiente e nos hor\u00e1rios corretos.<\/p>\n<p><strong>Mudan\u00e7as em outras regi\u00f5es<\/strong><br \/>\nAs mudan\u00e7as nos hor\u00e1rios de coleta come\u00e7aram na regi\u00e3o sul do DF em 16 de dezembro e inclu\u00edram diversas regi\u00f5es, como \u00c1guas Claras, Arniqueira, Candangol\u00e2ndia, Gama, Jardim Bot\u00e2nico, Lago Sul, N\u00facleo Bandeirante, Park Way, Recanto das Emas, Riacho Fundo, Riacho Fundo II, Santa Maria, SCIA\/Estrutural, SIA, Guar\u00e1 e Vicente Pires.<\/p>\n<p>Os ajustes nos hor\u00e1rios de coleta foram motivados pela implementa\u00e7\u00e3o da Norma Regulamentadora 38 (NR-38), do Minist\u00e9rio do Trabalho e Emprego, que estabelece regras de seguran\u00e7a e sa\u00fade para os profissionais de limpeza urbana.<\/p>\n<p>Entre as principais mudan\u00e7as trazidas pela norma, est\u00e1 a padroniza\u00e7\u00e3o do uso de Equipamentos de Prote\u00e7\u00e3o Individual (EPIs) e a proibi\u00e7\u00e3o de que garis coloquem res\u00edduos com o caminh\u00e3o em movimento. Os trabalhadores s\u00f3 podem se deslocar no estribo traseiro a velocidades de at\u00e9 10 km\/h. Essas mudan\u00e7as impactaram no tempo de execu\u00e7\u00e3o dos servi\u00e7os e exigiu ajustes nas rotas dos caminh\u00f5es para garantir a efici\u00eancia do atendimento e a seguran\u00e7a dos trabalhadores.<\/p>\n<p>A colabora\u00e7\u00e3o da popula\u00e7\u00e3o \u00e9 fundamental para manter a cidade organizada e limpa. A recomenda\u00e7\u00e3o \u00e9 que os res\u00edduos sejam descartados nos dias e hor\u00e1rios corretos, at\u00e9 duas horas antes do hor\u00e1rio da coleta, para evitar ac\u00famulos.<\/p>\n","protected":false},"excerpt":{"rendered":"<p>A equipe de mobiliza\u00e7\u00e3o e educa\u00e7\u00e3o ambiental do Servi\u00e7o de Limpeza Urbana (SLU) percorreu, nesta segunda-feira (30), a Rua 4 de Vicente Pires para orientar os moradores sobre as mudan\u00e7as nos dias e hor\u00e1rios das coletas seletiva e convencional na regi\u00e3o. A a\u00e7\u00e3o contou tamb\u00e9m com carro de som para ampliar o alcance das informa\u00e7\u00f5es. [&hellip;]<\/p>\n","protected":false},"author":2,"featured_media":344367,"comment_status":"closed","ping_status":"closed","sticky":false,"template":"","format":"standard","meta":{"_acf_changed":false,"footnotes":""},"categories":[161],"tags":[],"class_list":["post-344366","post","type-post","status-publish","format-standard","has-post-thumbnail","hentry","category-quadradinho-em-foco"],"acf":[],"_links":{"self":[{"href":"https:\/\/www.notibras.com\/site\/wp-json\/wp\/v2\/posts\/344366","targetHints":{"allow":["GET"]}}],"collection":[{"href":"https:\/\/www.notibras.com\/site\/wp-json\/wp\/v2\/posts"}],"about":[{"href":"https:\/\/www.notibras.com\/site\/wp-json\/wp\/v2\/types\/post"}],"author":[{"embeddable":true,"href":"https:\/\/www.notibras.com\/site\/wp-json\/wp\/v2\/users\/2"}],"replies":[{"embeddable":true,"href":"https:\/\/www.notibras.com\/site\/wp-json\/wp\/v2\/comments?post=344366"}],"version-history":[{"count":1,"href":"https:\/\/www.notibras.com\/site\/wp-json\/wp\/v2\/posts\/344366\/revisions"}],"predecessor-version":[{"id":344368,"href":"https:\/\/www.notibras.com\/site\/wp-json\/wp\/v2\/posts\/344366\/revisions\/344368"}],"wp:featuredmedia":[{"embeddable":true,"href":"https:\/\/www.notibras.com\/site\/wp-json\/wp\/v2\/media\/344367"}],"wp:attachment":[{"href":"https:\/\/www.notibras.com\/site\/wp-json\/wp\/v2\/media?parent=344366"}],"wp:term":[{"taxonomy":"category","embeddable":true,"href":"https:\/\/www.notibras.com\/site\/wp-json\/wp\/v2\/categories?post=344366"},{"taxonomy":"post_tag","embeddable":true,"href":"https:\/\/www.notibras.com\/site\/wp-json\/wp\/v2\/tags?post=344366"}],"curies":[{"name":"wp","href":"https:\/\/api.w.org\/{rel}","templated":true}]}}