{"id":344421,"date":"2025-01-01T00:20:26","date_gmt":"2025-01-01T03:20:26","guid":{"rendered":"https:\/\/www.notibras.com\/site\/?p=344421"},"modified":"2025-01-01T10:22:24","modified_gmt":"2025-01-01T13:22:24","slug":"contratada-empresa-para-reconstruir-em-um-ano-ponte-que-caiu","status":"publish","type":"post","link":"https:\/\/www.notibras.com\/site\/contratada-empresa-para-reconstruir-em-um-ano-ponte-que-caiu\/","title":{"rendered":"Contratada empresa para reconstruir em um ano ponte que caiu"},"content":{"rendered":"<p>O Minist\u00e9rio dos Transportes contratou nesta ter\u00e7a-feira (31), uma empresa que ficar\u00e1 respons\u00e1vel pelas obras de reconstru\u00e7\u00e3o da ponte Juscelino Kubitschek, que liga os estados do Maranh\u00e3o (MA) e Tocantins (TO).<\/p>\n<p>Ao todo, a obra tem valor estimado em R$ 171,9 milh\u00f5es e o prazo para a reconstru\u00e7\u00e3o da estrutura vai at\u00e9 o dia 22 de dezembro de 2025, um ano ap\u00f3s a queda da ponte.<\/p>\n<p>A contrata\u00e7\u00e3o foi em car\u00e1ter emergencial, ou seja, com dispensa de licita\u00e7\u00e3o. O cons\u00f3rcio Penedo-Ne\u00f3polis, formado pelas empresas Construtora Gaspar S\/A e Arteles Constru\u00e7\u00f5es Limitada, ser\u00e1 o respons\u00e1vel pelas obras.<\/p>\n<p>O diretor-geral do Departamento Nacional de Infraestrutura de Transportes (Dnit), Fabr\u00edcio Galv\u00e3o, explicou que o valor inclui diversos servi\u00e7os:<\/p>\n<p>\u201cA nova ponte ter\u00e1 acostamento, passeio, ciclovia e ser\u00e1 7 metros mais larga que a anterior. Esse valor inclui a demoli\u00e7\u00e3o da ponte atual, novas funda\u00e7\u00f5es e a melhoria dos acessos das duas cidades.\u201d<\/p>\n<p>A ponte da BR-226, que liga os munic\u00edpios de Aguiarn\u00f3polis (TO) e Estreito (MA), desabou em 22 de dezembro. J\u00e1 foram confirmadas 11 mortes. Outras seis pessoas seguem desaparecidas e uma for\u00e7a-tarefa da Marinha segue fazendo buscas na regi\u00e3o.<\/p>\n<p>A queda de tr\u00eas caminh\u00f5es transportando cerca de 25 mil litros de agrot\u00f3xicos e 76 toneladas de \u00e1cido sulf\u00farico preocupou a popula\u00e7\u00e3o que usa as \u00e1guas do Rio Tocantins, mas a Ag\u00eancia Nacional de \u00c1guas (ANA) informou que a an\u00e1lise da qualidade da \u00e1gua indica que n\u00e3o houve vazamento dos materiais.<\/p>\n<p>Segundo o Minist\u00e9rio dos Transportes, a ponte foi inaugurada em 1961 e a estrutura antiga \u201cj\u00e1 n\u00e3o atendia ao aumento do fluxo de ve\u00edculos e de carga transportada pelo eixo\u201d.<\/p>\n<p>A Pol\u00edcia Federal (PF) abriu investiga\u00e7\u00e3o para apurar as responsabilidades pela queda da estrutura. O Dnit tamb\u00e9m instaurou sindic\u00e2ncia para apurar as responsabilidades sobre o desabamento da ponte. A comiss\u00e3o ter\u00e1 120 dias para apresentar os resultados da apura\u00e7\u00e3o.<\/p>\n","protected":false},"excerpt":{"rendered":"<p>O Minist\u00e9rio dos Transportes contratou nesta ter\u00e7a-feira (31), uma empresa que ficar\u00e1 respons\u00e1vel pelas obras de reconstru\u00e7\u00e3o da ponte Juscelino Kubitschek, que liga os estados do Maranh\u00e3o (MA) e Tocantins (TO). Ao todo, a obra tem valor estimado em R$ 171,9 milh\u00f5es e o prazo para a reconstru\u00e7\u00e3o da estrutura vai at\u00e9 o dia 22 [&hellip;]<\/p>\n","protected":false},"author":2,"featured_media":343946,"comment_status":"closed","ping_status":"closed","sticky":false,"template":"","format":"standard","meta":{"_acf_changed":false,"footnotes":""},"categories":[165],"tags":[],"class_list":["post-344421","post","type-post","status-publish","format-standard","has-post-thumbnail","hentry","category-nordeste"],"acf":[],"_links":{"self":[{"href":"https:\/\/www.notibras.com\/site\/wp-json\/wp\/v2\/posts\/344421","targetHints":{"allow":["GET"]}}],"collection":[{"href":"https:\/\/www.notibras.com\/site\/wp-json\/wp\/v2\/posts"}],"about":[{"href":"https:\/\/www.notibras.com\/site\/wp-json\/wp\/v2\/types\/post"}],"author":[{"embeddable":true,"href":"https:\/\/www.notibras.com\/site\/wp-json\/wp\/v2\/users\/2"}],"replies":[{"embeddable":true,"href":"https:\/\/www.notibras.com\/site\/wp-json\/wp\/v2\/comments?post=344421"}],"version-history":[{"count":1,"href":"https:\/\/www.notibras.com\/site\/wp-json\/wp\/v2\/posts\/344421\/revisions"}],"predecessor-version":[{"id":344422,"href":"https:\/\/www.notibras.com\/site\/wp-json\/wp\/v2\/posts\/344421\/revisions\/344422"}],"wp:featuredmedia":[{"embeddable":true,"href":"https:\/\/www.notibras.com\/site\/wp-json\/wp\/v2\/media\/343946"}],"wp:attachment":[{"href":"https:\/\/www.notibras.com\/site\/wp-json\/wp\/v2\/media?parent=344421"}],"wp:term":[{"taxonomy":"category","embeddable":true,"href":"https:\/\/www.notibras.com\/site\/wp-json\/wp\/v2\/categories?post=344421"},{"taxonomy":"post_tag","embeddable":true,"href":"https:\/\/www.notibras.com\/site\/wp-json\/wp\/v2\/tags?post=344421"}],"curies":[{"name":"wp","href":"https:\/\/api.w.org\/{rel}","templated":true}]}}