{"id":344439,"date":"2025-01-01T00:22:04","date_gmt":"2025-01-01T03:22:04","guid":{"rendered":"https:\/\/www.notibras.com\/site\/?p=344439"},"modified":"2025-01-01T11:24:44","modified_gmt":"2025-01-01T14:24:44","slug":"ano-comeca-com-ao-menos-uma-noticia-boa-volta-do-dpvat-ja-era","status":"publish","type":"post","link":"https:\/\/www.notibras.com\/site\/ano-comeca-com-ao-menos-uma-noticia-boa-volta-do-dpvat-ja-era\/","title":{"rendered":"Ano come\u00e7a com ao menos uma not\u00edcia boa (volta do DPVAT j\u00e1 era)"},"content":{"rendered":"<p>O presidente Luiz In\u00e1cio Lula da Silva sancionou nesta ter\u00e7a-feira (31) a Lei Complementar 211, que impede a retomada do Seguro Obrigat\u00f3rio para Prote\u00e7\u00e3o de V\u00edtimas de Acidentes de Tr\u00e2nsito (SPVAT, o antigo DPVAT). A decis\u00e3o faz parte do pacote de corte de gastos do governo.<\/p>\n<p>No dia 18 de dezembro, os deputados e o governo j\u00e1 haviam firmado acordo pela revoga\u00e7\u00e3o da lei que criaria o novo SPVAT. A volta do seguro para 2025 havia sido prevista por uma lei complementar assinada no \u00faltimo m\u00eas de maio.<\/p>\n<p>O seguro tinha a finalidade de garantir indeniza\u00e7\u00f5es por danos pessoais a v\u00edtimas de acidente de tr\u00e2nsito e seria obrigat\u00f3rio. Estariam previstas indeniza\u00e7\u00e3o por morte, por invalidez e reembolsos para assist\u00eancias m\u00e9dicas e tamb\u00e9m servi\u00e7os funer\u00e1rios.<\/p>\n<p>Com a revoga\u00e7\u00e3o da lei, v\u00edtimas de acidentes que n\u00e3o tiverem seguro privado n\u00e3o ter\u00e3o direito a indeniza\u00e7\u00f5es. A cobran\u00e7a havia sido encerrada por uma medida provis\u00f3ria assinada pelo ent\u00e3o presidente Jair Bolsonaro em 2019.<\/p>\n","protected":false},"excerpt":{"rendered":"<p>O presidente Luiz In\u00e1cio Lula da Silva sancionou nesta ter\u00e7a-feira (31) a Lei Complementar 211, que impede a retomada do Seguro Obrigat\u00f3rio para Prote\u00e7\u00e3o de V\u00edtimas de Acidentes de Tr\u00e2nsito (SPVAT, o antigo DPVAT). A decis\u00e3o faz parte do pacote de corte de gastos do governo. No dia 18 de dezembro, os deputados e o [&hellip;]<\/p>\n","protected":false},"author":2,"featured_media":344440,"comment_status":"closed","ping_status":"closed","sticky":false,"template":"","format":"standard","meta":{"_acf_changed":false,"footnotes":""},"categories":[161],"tags":[],"class_list":["post-344439","post","type-post","status-publish","format-standard","has-post-thumbnail","hentry","category-quadradinho-em-foco"],"acf":[],"_links":{"self":[{"href":"https:\/\/www.notibras.com\/site\/wp-json\/wp\/v2\/posts\/344439","targetHints":{"allow":["GET"]}}],"collection":[{"href":"https:\/\/www.notibras.com\/site\/wp-json\/wp\/v2\/posts"}],"about":[{"href":"https:\/\/www.notibras.com\/site\/wp-json\/wp\/v2\/types\/post"}],"author":[{"embeddable":true,"href":"https:\/\/www.notibras.com\/site\/wp-json\/wp\/v2\/users\/2"}],"replies":[{"embeddable":true,"href":"https:\/\/www.notibras.com\/site\/wp-json\/wp\/v2\/comments?post=344439"}],"version-history":[{"count":1,"href":"https:\/\/www.notibras.com\/site\/wp-json\/wp\/v2\/posts\/344439\/revisions"}],"predecessor-version":[{"id":344441,"href":"https:\/\/www.notibras.com\/site\/wp-json\/wp\/v2\/posts\/344439\/revisions\/344441"}],"wp:featuredmedia":[{"embeddable":true,"href":"https:\/\/www.notibras.com\/site\/wp-json\/wp\/v2\/media\/344440"}],"wp:attachment":[{"href":"https:\/\/www.notibras.com\/site\/wp-json\/wp\/v2\/media?parent=344439"}],"wp:term":[{"taxonomy":"category","embeddable":true,"href":"https:\/\/www.notibras.com\/site\/wp-json\/wp\/v2\/categories?post=344439"},{"taxonomy":"post_tag","embeddable":true,"href":"https:\/\/www.notibras.com\/site\/wp-json\/wp\/v2\/tags?post=344439"}],"curies":[{"name":"wp","href":"https:\/\/api.w.org\/{rel}","templated":true}]}}