{"id":344470,"date":"2025-01-02T00:01:18","date_gmt":"2025-01-02T03:01:18","guid":{"rendered":"https:\/\/www.notibras.com\/site\/?p=344470"},"modified":"2025-01-02T01:27:56","modified_gmt":"2025-01-02T04:27:56","slug":"camara-municipal-empossa-cicero-prefeito-e-vice-prefeito-leo-bezerra","status":"publish","type":"post","link":"https:\/\/www.notibras.com\/site\/camara-municipal-empossa-cicero-prefeito-e-vice-prefeito-leo-bezerra\/","title":{"rendered":"C\u00e2mara Municipal empossa C\u00edcero, prefeito, e vice-prefeito Leo Bezerra"},"content":{"rendered":"<p>Neste 1\u00ba de janeiro, a C\u00e2mara Municipal de Jo\u00e3o Pessoa deu posse ao prefeito e vice-prefeito eleitos em Jo\u00e3o Pessoa, C\u00edcero Lucena (PP) e Leo Bezerra (PSB), respectivamente. A cerim\u00f4nia, conduzida pelo presidente do Legislativo Municipal, Dinho Dowsley (PSD), foi realizada na Pra\u00e7a do Povo, no Espa\u00e7o Cultural, contando com a presen\u00e7a de diversas autoridades, familiares e amigos.<\/p>\n<p>Em discurso, durante a cerim\u00f4nia, o presidente Dinho ressaltou: &#8220;Esta vit\u00f3ria \u00e9 fruto de muito trabalho realizado pela Prefeitura, e vale destacar que teve a C\u00e2mara Municipal de Jo\u00e3o Pessoa como parceira para discutir e aprovar projetos a fim de melhorar a vida da popula\u00e7\u00e3o. A C\u00e2mara sempre estar\u00e1 a postos para trabalhar em prol da cidade&#8221;.<\/p>\n<p>Ele ainda salientou que a popula\u00e7\u00e3o pessoense elegeu os gestores que v\u00e3o conduzir o destino da cidade e que isso \u00e9 uma grande responsabilidade: &#8220;A caminhada para a atingir um milh\u00e3o de habitantes \u00e9 de muita responsabilidade. Cabe a n\u00f3s, ent\u00e3o, trabalhar com a Prefeitura incessantemente para n\u00e3o comprometer o que temos de melhor, a qualidade de vida, atrav\u00e9s do di\u00e1logo com a popula\u00e7\u00e3o de Jo\u00e3o Pessoa. Um ponto positivo que j\u00e1 temos, nesse sentido, \u00e9 a constru\u00e7\u00e3o da nova sede da C\u00e2mara, que o prefeito ajudou a concretizar, pois dar\u00e1 condi\u00e7\u00f5es para a Casa, que \u00e9 do povo, abrigar esses debates. Todos os eleitos presentes sabem a responsabilidade com o eleitor, que espera melhorias. Avan\u00e7amos muito, mas ainda temos muito mais a conquistar em prol do nosso povo&#8221;.<\/p>\n<p>&#8220;Assumo pela quarta vez a honrosa miss\u00e3o de cuidar desta cidade que carrego no cora\u00e7\u00e3o. Jo\u00e3o Pessoa \u00e9 uma cidade que me abra\u00e7ou com o seu calor, que me inspira diariamente e me desafia a ser cada vez melhor. Este n\u00e3o \u00e9 apenas um instante de celebra\u00e7\u00e3o, mas, um chamado para reafirmarmos nosso compromisso com um futuro ainda mais promissor para a nossa gente. Renovando a nossa f\u00e9 nesse compromisso \u00e9 que temos certeza de que vamos fazer essa cidade cada vez mais justa, humana, solid\u00e1ria e inclusiva&#8221;, declarou o prefeito C\u00edcero Lucena durante cerim\u00f4nia. Ele ainda agradeceu \u00e0 C\u00e2mara Municipal pelo apoio nos \u00faltimos quatro anos e a convocou a continuar construindo e colaborando para o bem-estar da popula\u00e7\u00e3o pessoense.<\/p>\n<p>A mesa foi composta pelo presidente da C\u00e2mara Municipal, Dinho Dowsley (PSD), o primeiro-secret\u00e1rio da Casa Legislativa, Marmuthe Cavalcanti (Republicanos), o governador do Estado, Jo\u00e3o Azevedo (PSB), os deputados federais Hugo Motta (Republicanos) e Mersinho Lucena (PP) e o secret\u00e1rio de Gest\u00e3o Governamental e Articula\u00e7\u00e3o Pol\u00edtica e suplente da senadora Daniela Ribeiro (PSD), Diego Tavares (PP).<\/p>\n","protected":false},"excerpt":{"rendered":"<p>Neste 1\u00ba de janeiro, a C\u00e2mara Municipal de Jo\u00e3o Pessoa deu posse ao prefeito e vice-prefeito eleitos em Jo\u00e3o Pessoa, C\u00edcero Lucena (PP) e Leo Bezerra (PSB), respectivamente. A cerim\u00f4nia, conduzida pelo presidente do Legislativo Municipal, Dinho Dowsley (PSD), foi realizada na Pra\u00e7a do Povo, no Espa\u00e7o Cultural, contando com a presen\u00e7a de diversas autoridades, [&hellip;]<\/p>\n","protected":false},"author":2,"featured_media":344471,"comment_status":"closed","ping_status":"closed","sticky":false,"template":"","format":"standard","meta":{"_acf_changed":false,"footnotes":""},"categories":[165],"tags":[],"class_list":["post-344470","post","type-post","status-publish","format-standard","has-post-thumbnail","hentry","category-nordeste"],"acf":[],"_links":{"self":[{"href":"https:\/\/www.notibras.com\/site\/wp-json\/wp\/v2\/posts\/344470","targetHints":{"allow":["GET"]}}],"collection":[{"href":"https:\/\/www.notibras.com\/site\/wp-json\/wp\/v2\/posts"}],"about":[{"href":"https:\/\/www.notibras.com\/site\/wp-json\/wp\/v2\/types\/post"}],"author":[{"embeddable":true,"href":"https:\/\/www.notibras.com\/site\/wp-json\/wp\/v2\/users\/2"}],"replies":[{"embeddable":true,"href":"https:\/\/www.notibras.com\/site\/wp-json\/wp\/v2\/comments?post=344470"}],"version-history":[{"count":4,"href":"https:\/\/www.notibras.com\/site\/wp-json\/wp\/v2\/posts\/344470\/revisions"}],"predecessor-version":[{"id":344475,"href":"https:\/\/www.notibras.com\/site\/wp-json\/wp\/v2\/posts\/344470\/revisions\/344475"}],"wp:featuredmedia":[{"embeddable":true,"href":"https:\/\/www.notibras.com\/site\/wp-json\/wp\/v2\/media\/344471"}],"wp:attachment":[{"href":"https:\/\/www.notibras.com\/site\/wp-json\/wp\/v2\/media?parent=344470"}],"wp:term":[{"taxonomy":"category","embeddable":true,"href":"https:\/\/www.notibras.com\/site\/wp-json\/wp\/v2\/categories?post=344470"},{"taxonomy":"post_tag","embeddable":true,"href":"https:\/\/www.notibras.com\/site\/wp-json\/wp\/v2\/tags?post=344470"}],"curies":[{"name":"wp","href":"https:\/\/api.w.org\/{rel}","templated":true}]}}