{"id":344497,"date":"2025-01-02T00:00:03","date_gmt":"2025-01-02T03:00:03","guid":{"rendered":"https:\/\/www.notibras.com\/site\/?p=344497"},"modified":"2025-01-02T02:58:16","modified_gmt":"2025-01-02T05:58:16","slug":"silvio-mendes-assume-terceiro-mandato-como-prefeito","status":"publish","type":"post","link":"https:\/\/www.notibras.com\/site\/silvio-mendes-assume-terceiro-mandato-como-prefeito\/","title":{"rendered":"Silvio Mendes assume terceiro mandato como prefeito"},"content":{"rendered":"<p>O prefeito de Teresina, Silvio Mendes, foi empossado nesta quarta-feira (1\u00ba). Aos 75 anos, ele assume pela terceira vez o cargo \u2013 foi eleito prefeito da capital piauiense pela primeira vez em 2004 e reeleito em 2008.<\/p>\n<p>M\u00e9dico especializado em ortopedia, Mendes comandou a Secretaria Municipal de Sa\u00fade na d\u00e9cada de 1990 e ficou \u00e0 frente do \u00f3rg\u00e3o por 12 anos. Foi ainda presidente da Associa\u00e7\u00e3o Piauiense de Medicina.<\/p>\n<p>\u201cEssa \u00e9 uma miss\u00e3o das maiores para todos n\u00f3s que aceitamos o desafio de fazer gest\u00e3o p\u00fablica. N\u00e3o \u00e9 f\u00e1cil. Os desafios s\u00e3o grandes. Mas tenham certeza: a coragem \u00e9 maior. Pedimos a Deus, sempre a ele, que nos d\u00ea sabedoria\u201d, disse em seu discurso.<\/p>\n","protected":false},"excerpt":{"rendered":"<p>O prefeito de Teresina, Silvio Mendes, foi empossado nesta quarta-feira (1\u00ba). Aos 75 anos, ele assume pela terceira vez o cargo \u2013 foi eleito prefeito da capital piauiense pela primeira vez em 2004 e reeleito em 2008. M\u00e9dico especializado em ortopedia, Mendes comandou a Secretaria Municipal de Sa\u00fade na d\u00e9cada de 1990 e ficou \u00e0 [&hellip;]<\/p>\n","protected":false},"author":2,"featured_media":344500,"comment_status":"closed","ping_status":"closed","sticky":false,"template":"","format":"standard","meta":{"_acf_changed":false,"footnotes":""},"categories":[165],"tags":[],"class_list":["post-344497","post","type-post","status-publish","format-standard","has-post-thumbnail","hentry","category-nordeste"],"acf":[],"_links":{"self":[{"href":"https:\/\/www.notibras.com\/site\/wp-json\/wp\/v2\/posts\/344497","targetHints":{"allow":["GET"]}}],"collection":[{"href":"https:\/\/www.notibras.com\/site\/wp-json\/wp\/v2\/posts"}],"about":[{"href":"https:\/\/www.notibras.com\/site\/wp-json\/wp\/v2\/types\/post"}],"author":[{"embeddable":true,"href":"https:\/\/www.notibras.com\/site\/wp-json\/wp\/v2\/users\/2"}],"replies":[{"embeddable":true,"href":"https:\/\/www.notibras.com\/site\/wp-json\/wp\/v2\/comments?post=344497"}],"version-history":[{"count":1,"href":"https:\/\/www.notibras.com\/site\/wp-json\/wp\/v2\/posts\/344497\/revisions"}],"predecessor-version":[{"id":344499,"href":"https:\/\/www.notibras.com\/site\/wp-json\/wp\/v2\/posts\/344497\/revisions\/344499"}],"wp:featuredmedia":[{"embeddable":true,"href":"https:\/\/www.notibras.com\/site\/wp-json\/wp\/v2\/media\/344500"}],"wp:attachment":[{"href":"https:\/\/www.notibras.com\/site\/wp-json\/wp\/v2\/media?parent=344497"}],"wp:term":[{"taxonomy":"category","embeddable":true,"href":"https:\/\/www.notibras.com\/site\/wp-json\/wp\/v2\/categories?post=344497"},{"taxonomy":"post_tag","embeddable":true,"href":"https:\/\/www.notibras.com\/site\/wp-json\/wp\/v2\/tags?post=344497"}],"curies":[{"name":"wp","href":"https:\/\/api.w.org\/{rel}","templated":true}]}}