{"id":344501,"date":"2025-01-02T00:00:43","date_gmt":"2025-01-02T03:00:43","guid":{"rendered":"https:\/\/www.notibras.com\/site\/?p=344501"},"modified":"2025-01-02T03:03:17","modified_gmt":"2025-01-02T06:03:17","slug":"resgatado-corpo-em-cabine-de-caminhao-que-afundou-junto-com-ponte","status":"publish","type":"post","link":"https:\/\/www.notibras.com\/site\/resgatado-corpo-em-cabine-de-caminhao-que-afundou-junto-com-ponte\/","title":{"rendered":"Resgatado corpo em cabine de caminh\u00e3o que afundou junto com ponte"},"content":{"rendered":"<p>A Marinha do Brasil resgatou nesta quarta-feira (1\u00ba) o corpo que havia sido identificado na cabine de um caminh\u00e3o que permanecia submerso ap\u00f3s a queda da Ponte Juscelino Kubitschek de Oliveira, na BR-226, entre Aguiarn\u00f3polis (TO) e Estreito (MA). A estrutura, que liga os estados do Maranh\u00e3o e do Tocantins, desabou no \u00faltimo dia 22.<\/p>\n<p>Neste domingo (31), a for\u00e7a-tarefa de busca e resgate \u00e0s v\u00edtimas retirou um ve\u00edculo Voyage branco que estava submerso do Rio Tocantins. A equipe usou mergulhadores e dispositivos de reflutua\u00e7\u00e3o. No carro, havia um corpo tamb\u00e9m previamente localizado e outro, at\u00e9 ent\u00e3o, desaparecido. Com isso, o total de mortes confirmadas chega a 12. Cinco pessoas seguem desaparecidas.<\/p>\n<p>\u201cA Marinha se solidariza com os familiares e amigos das v\u00edtimas e coloca, \u00e0 disposi\u00e7\u00e3o do cidad\u00e3o, os telefones do Disque Emerg\u00eancias Mar\u00edtimas e Fluviais (185) e da Capitania dos Portos do Maranh\u00e3o, 0800-098-8432 e (98) 2107- 0121, para receber informa\u00e7\u00f5es a respeito de qualquer situa\u00e7\u00e3o que possa comprometer a salvaguarda da vida humana nas vias naveg\u00e1veis ou que represente risco de polui\u00e7\u00e3o ambiental.\u201d<\/p>\n<p><strong>Entenda<\/strong><br \/>\nO v\u00e3o central da ponte cedeu na tarde do dia 22 de dezembro, derrubando pelo menos 10 ve\u00edculos, incluindo tr\u00eas caminh\u00f5es transportando cerca de 25 mil litros de agrot\u00f3xicos e 76 toneladas de \u00e1cido sulf\u00farico. A Ag\u00eancia Nacional de \u00c1guas (ANA) informou que a an\u00e1lise da qualidade da \u00e1gua indica que n\u00e3o houve vazamento dos materiais.<\/p>\n<p>Segundo o Minist\u00e9rio dos Transportes, a ponte foi inaugurada em 1961 e a estrutura antiga \u201cj\u00e1 n\u00e3o atendia ao aumento do fluxo de ve\u00edculos e de carga transportada pelo eixo\u201d. A Pol\u00edcia Federal abriu investiga\u00e7\u00e3o para apurar as responsabilidades pela queda da estrutura.<\/p>\n<p>O Departamento Nacional de Infraestrutura de Transportes (Dnit) tamb\u00e9m instaurou sindic\u00e2ncia para apurar as responsabilidades sobre o desabamento. A comiss\u00e3o ter\u00e1 120 dias para apresentar os resultados da apura\u00e7\u00e3o.<\/p>\n","protected":false},"excerpt":{"rendered":"<p>A Marinha do Brasil resgatou nesta quarta-feira (1\u00ba) o corpo que havia sido identificado na cabine de um caminh\u00e3o que permanecia submerso ap\u00f3s a queda da Ponte Juscelino Kubitschek de Oliveira, na BR-226, entre Aguiarn\u00f3polis (TO) e Estreito (MA). A estrutura, que liga os estados do Maranh\u00e3o e do Tocantins, desabou no \u00faltimo dia 22. [&hellip;]<\/p>\n","protected":false},"author":2,"featured_media":343859,"comment_status":"closed","ping_status":"closed","sticky":false,"template":"","format":"standard","meta":{"_acf_changed":false,"footnotes":""},"categories":[165],"tags":[],"class_list":["post-344501","post","type-post","status-publish","format-standard","has-post-thumbnail","hentry","category-nordeste"],"acf":[],"_links":{"self":[{"href":"https:\/\/www.notibras.com\/site\/wp-json\/wp\/v2\/posts\/344501","targetHints":{"allow":["GET"]}}],"collection":[{"href":"https:\/\/www.notibras.com\/site\/wp-json\/wp\/v2\/posts"}],"about":[{"href":"https:\/\/www.notibras.com\/site\/wp-json\/wp\/v2\/types\/post"}],"author":[{"embeddable":true,"href":"https:\/\/www.notibras.com\/site\/wp-json\/wp\/v2\/users\/2"}],"replies":[{"embeddable":true,"href":"https:\/\/www.notibras.com\/site\/wp-json\/wp\/v2\/comments?post=344501"}],"version-history":[{"count":1,"href":"https:\/\/www.notibras.com\/site\/wp-json\/wp\/v2\/posts\/344501\/revisions"}],"predecessor-version":[{"id":344502,"href":"https:\/\/www.notibras.com\/site\/wp-json\/wp\/v2\/posts\/344501\/revisions\/344502"}],"wp:featuredmedia":[{"embeddable":true,"href":"https:\/\/www.notibras.com\/site\/wp-json\/wp\/v2\/media\/343859"}],"wp:attachment":[{"href":"https:\/\/www.notibras.com\/site\/wp-json\/wp\/v2\/media?parent=344501"}],"wp:term":[{"taxonomy":"category","embeddable":true,"href":"https:\/\/www.notibras.com\/site\/wp-json\/wp\/v2\/categories?post=344501"},{"taxonomy":"post_tag","embeddable":true,"href":"https:\/\/www.notibras.com\/site\/wp-json\/wp\/v2\/tags?post=344501"}],"curies":[{"name":"wp","href":"https:\/\/api.w.org\/{rel}","templated":true}]}}