{"id":344503,"date":"2025-01-02T03:16:39","date_gmt":"2025-01-02T06:16:39","guid":{"rendered":"https:\/\/www.notibras.com\/site\/?p=344503"},"modified":"2025-01-02T03:21:26","modified_gmt":"2025-01-02T06:21:26","slug":"ano-chega-girando-o-ciclo-que-gera-uma-nova-vida","status":"publish","type":"post","link":"https:\/\/www.notibras.com\/site\/ano-chega-girando-o-ciclo-que-gera-uma-nova-vida\/","title":{"rendered":"Ano chega girando o ciclo que gera uma nova vida"},"content":{"rendered":"<p>A praia, com seu vai e vem de ondas, parecia respirar junto com o mundo na \u00faltima noite do ano. O c\u00e9u, pincelado de estrelas e um t\u00eanue brilho da Lua Nova, anunciava a chegada de um novo ciclo. A areia fina, ainda quente do sol, contrastava com a brisa fresca que soprava do mar, trazendo junto o cheiro de sal e promessas.<\/p>\n<p>Era o cen\u00e1rio perfeito para se despedir do velho e abra\u00e7ar o novo. Em meio \u00e0 multid\u00e3o que brindava com espumantes e dan\u00e7ava ao som de risos e m\u00fasicas, Paula &#8211; um nome fict\u00edcio, embora seja ela real -, de vestido branco e olhos brilhantes, destacava-se. Sua barriga arredondada, cuidadosamente envolta pelo tecido leve, era como um s\u00edmbolo palp\u00e1vel da renova\u00e7\u00e3o que todos ali celebravam.<\/p>\n<p>Gr\u00e1vida de seis meses, Paula sentia que carregava mais do que um filho: levava no ventre um fragmento de esperan\u00e7a. Enquanto as pessoas ao redor explodiam em abra\u00e7os e fogos de artif\u00edcio, ela permanecia em sil\u00eancio, com as m\u00e3os pousadas sobre o futuro beb\u00ea que dava os &#8216;primeiros chutes&#8217;, sentindo os movimentos suaves de quem ainda n\u00e3o havia conhecido o mundo, mas j\u00e1 participava dele.<\/p>\n<p>Seu marido, Carlos &#8211; t\u00e3o real quanto a esposa, mas tamb\u00e9m fict\u00edcio na denomina\u00e7\u00e3o -, chegou trazendo duas ta\u00e7as. Ofereceu-lhe uma com suco de uva, enquanto segurava a outra com espumante. Sentou-se ao lado dela na areia, e juntos observavam os fogos refletidos nas \u00e1guas agitadas.<\/p>\n<p>\u2014 Voc\u00ea acha que ele vai gostar de praia? \u2014 perguntou Paula, rindo suavemente, como se falasse com o beb\u00ea.<\/p>\n<p>\u2014 Se puxar \u00e0 m\u00e3e, vai adorar \u2014 respondeu Carlos, segurando sua m\u00e3o.<\/p>\n<p>No horizonte, o espet\u00e1culo de cores era como o cora\u00e7\u00e3o da festa, mas para Paula, a maior beleza estava na simplicidade daquela noite: o pulsar do mar, a luz das estrelas, e o pequeno ser que se mexia dentro de si, como se dan\u00e7asse ao ritmo dos fogos.<\/p>\n<p>Enquanto os gritos de \u201cFeliz Ano Novo!\u201d tomavam conta da praia, Paula olhou para Carlos e depois para sua barriga. Ali, no R\u00e9veillon, com o mar como testemunha, ela entendeu de forma profunda e silenciosa que a vida gera a vida.<\/p>\n<p>E assim, no in\u00edcio de um novo ano, Paula n\u00e3o apenas esperava; ela gerava. N\u00e3o apenas celebrava; ela criava. E, no fundo, sabia que o que vinha pela frente n\u00e3o era apenas um novo ciclo, mas um universo inteiro de possibilidades.<\/p>\n<p>O mar continuava seu vai e vem, como um rel\u00f3gio eterno, lembrando que a vida, como as ondas, nunca para.<\/p>\n","protected":false},"excerpt":{"rendered":"<p>A praia, com seu vai e vem de ondas, parecia respirar junto com o mundo na \u00faltima noite do ano. O c\u00e9u, pincelado de estrelas e um t\u00eanue brilho da Lua Nova, anunciava a chegada de um novo ciclo. A areia fina, ainda quente do sol, contrastava com a brisa fresca que soprava do mar, [&hellip;]<\/p>\n","protected":false},"author":2,"featured_media":344504,"comment_status":"closed","ping_status":"closed","sticky":false,"template":"","format":"standard","meta":{"_acf_changed":false,"footnotes":""},"categories":[165],"tags":[],"class_list":["post-344503","post","type-post","status-publish","format-standard","has-post-thumbnail","hentry","category-nordeste"],"acf":[],"_links":{"self":[{"href":"https:\/\/www.notibras.com\/site\/wp-json\/wp\/v2\/posts\/344503","targetHints":{"allow":["GET"]}}],"collection":[{"href":"https:\/\/www.notibras.com\/site\/wp-json\/wp\/v2\/posts"}],"about":[{"href":"https:\/\/www.notibras.com\/site\/wp-json\/wp\/v2\/types\/post"}],"author":[{"embeddable":true,"href":"https:\/\/www.notibras.com\/site\/wp-json\/wp\/v2\/users\/2"}],"replies":[{"embeddable":true,"href":"https:\/\/www.notibras.com\/site\/wp-json\/wp\/v2\/comments?post=344503"}],"version-history":[{"count":6,"href":"https:\/\/www.notibras.com\/site\/wp-json\/wp\/v2\/posts\/344503\/revisions"}],"predecessor-version":[{"id":344510,"href":"https:\/\/www.notibras.com\/site\/wp-json\/wp\/v2\/posts\/344503\/revisions\/344510"}],"wp:featuredmedia":[{"embeddable":true,"href":"https:\/\/www.notibras.com\/site\/wp-json\/wp\/v2\/media\/344504"}],"wp:attachment":[{"href":"https:\/\/www.notibras.com\/site\/wp-json\/wp\/v2\/media?parent=344503"}],"wp:term":[{"taxonomy":"category","embeddable":true,"href":"https:\/\/www.notibras.com\/site\/wp-json\/wp\/v2\/categories?post=344503"},{"taxonomy":"post_tag","embeddable":true,"href":"https:\/\/www.notibras.com\/site\/wp-json\/wp\/v2\/tags?post=344503"}],"curies":[{"name":"wp","href":"https:\/\/api.w.org\/{rel}","templated":true}]}}