{"id":344536,"date":"2025-01-02T00:04:03","date_gmt":"2025-01-02T03:04:03","guid":{"rendered":"https:\/\/www.notibras.com\/site\/?p=344536"},"modified":"2025-01-02T04:57:02","modified_gmt":"2025-01-02T07:57:02","slug":"projeto-local-pesquisa-potencial-de-frutos-do-cerrado","status":"publish","type":"post","link":"https:\/\/www.notibras.com\/site\/projeto-local-pesquisa-potencial-de-frutos-do-cerrado\/","title":{"rendered":"Projeto local pesquisa potencial de frutos do Cerrado"},"content":{"rendered":"<p>H\u00e1 quem ame ou odeie o pequi. Mas voc\u00ea conhece cagaita, baru, buriti, mangaba, murici, jatob\u00e1-do-cerrado e araticum? Com o objetivo de conhecer o potencial destes frutos para a preserva\u00e7\u00e3o do cerrado e para atender \u00e0s pol\u00edticas p\u00fablicas da merenda escolar, o Instituto de Pesquisa e Estat\u00edstica do Distrito Federal (IPEDF) est\u00e1 desenvolvendo o projeto Caminhos de restaura\u00e7\u00e3o: valoriza\u00e7\u00e3o dos produtos florestais n\u00e3o madeireiros .<\/p>\n<p>O projeto do IPEDF tem o objetivo de proteger o Cerrado, o segundo maior bioma na \u00e1rea do pa\u00eds, sua grande biodiversidade, esp\u00e9cies end\u00eamicas (\u00fanicas para um determinado local), que ajudam a regular o clima e fazem a recarga de aqu\u00edferos abastecendo os principais bacias hidrogr\u00e1ficas do pa\u00eds e tamb\u00e9m s\u00e3o importantes estocadores de CO2, especialmente em suas ra\u00edzes.<\/p>\n<p>O Cerrado tem um potencial gigantesco de biodiversidade que pode servir de fonte de alimentos, medicamentos e cosm\u00e9ticos que, extra\u00eddos de forma adequada, podem aumentar o potencial econ\u00f4mico do bioma, al\u00e9m de reduzir as desigualdades sociais daqueles que utilizam produtos oferecidos pela floresta.<\/p>\n<p>A iniciativa do IPEDF tamb\u00e9m est\u00e1 em conson\u00e2ncia com a lei n\u00ba 7.228\/2023, sancionada em janeiro de 2023, que prev\u00ea que a merenda escolar do DF priorize a compra de frutos e produtos nativos do Cerrado. Assim, o projeto, ao trazer informa\u00e7\u00f5es sobre os benef\u00edcios socioecon\u00f4micos, culturais, ambientais, estimativa da cadeia de valor e tra\u00e7ar projetos econ\u00f4micos para os produtos florestais n\u00e3o madeireiros, est\u00e1 ao mesmo tempo subsidiando o governo quanto ao atendimento \u00e0 lei e valorizando a floresta em p\u00e9.<\/p>\n<p>A pesquisa visa contribuir com as a\u00e7\u00f5es do Governo do Distrito Federal, que garantem a import\u00e2ncia deste bioma para a manuten\u00e7\u00e3o da qualidade de vida das popula\u00e7\u00f5es e manter a casa do campo no seu habitat, al\u00e9m de gerar emprego e renda.<\/p>\n<p>A pesquisa vai buscar aprofundar o conhecimento sobre a cadeia produtiva e ajudar na implementa\u00e7\u00e3o de pol\u00edticas p\u00fablicas que possam valorizar os produtos florestais n\u00e3o madeireiros, como as frutas do Cerrado, castanhas e sementes que podem ser processadas e inseridas na alimenta\u00e7\u00e3o dos estudantes das escolas p\u00fablicas do DF.<\/p>\n","protected":false},"excerpt":{"rendered":"<p>H\u00e1 quem ame ou odeie o pequi. Mas voc\u00ea conhece cagaita, baru, buriti, mangaba, murici, jatob\u00e1-do-cerrado e araticum? Com o objetivo de conhecer o potencial destes frutos para a preserva\u00e7\u00e3o do cerrado e para atender \u00e0s pol\u00edticas p\u00fablicas da merenda escolar, o Instituto de Pesquisa e Estat\u00edstica do Distrito Federal (IPEDF) est\u00e1 desenvolvendo o projeto [&hellip;]<\/p>\n","protected":false},"author":2,"featured_media":344537,"comment_status":"closed","ping_status":"closed","sticky":false,"template":"","format":"standard","meta":{"_acf_changed":false,"footnotes":""},"categories":[161],"tags":[],"class_list":["post-344536","post","type-post","status-publish","format-standard","has-post-thumbnail","hentry","category-quadradinho-em-foco"],"acf":[],"_links":{"self":[{"href":"https:\/\/www.notibras.com\/site\/wp-json\/wp\/v2\/posts\/344536","targetHints":{"allow":["GET"]}}],"collection":[{"href":"https:\/\/www.notibras.com\/site\/wp-json\/wp\/v2\/posts"}],"about":[{"href":"https:\/\/www.notibras.com\/site\/wp-json\/wp\/v2\/types\/post"}],"author":[{"embeddable":true,"href":"https:\/\/www.notibras.com\/site\/wp-json\/wp\/v2\/users\/2"}],"replies":[{"embeddable":true,"href":"https:\/\/www.notibras.com\/site\/wp-json\/wp\/v2\/comments?post=344536"}],"version-history":[{"count":2,"href":"https:\/\/www.notibras.com\/site\/wp-json\/wp\/v2\/posts\/344536\/revisions"}],"predecessor-version":[{"id":344539,"href":"https:\/\/www.notibras.com\/site\/wp-json\/wp\/v2\/posts\/344536\/revisions\/344539"}],"wp:featuredmedia":[{"embeddable":true,"href":"https:\/\/www.notibras.com\/site\/wp-json\/wp\/v2\/media\/344537"}],"wp:attachment":[{"href":"https:\/\/www.notibras.com\/site\/wp-json\/wp\/v2\/media?parent=344536"}],"wp:term":[{"taxonomy":"category","embeddable":true,"href":"https:\/\/www.notibras.com\/site\/wp-json\/wp\/v2\/categories?post=344536"},{"taxonomy":"post_tag","embeddable":true,"href":"https:\/\/www.notibras.com\/site\/wp-json\/wp\/v2\/tags?post=344536"}],"curies":[{"name":"wp","href":"https:\/\/api.w.org\/{rel}","templated":true}]}}