{"id":344543,"date":"2025-01-02T00:00:37","date_gmt":"2025-01-02T03:00:37","guid":{"rendered":"https:\/\/www.notibras.com\/site\/?p=344543"},"modified":"2025-01-02T05:19:23","modified_gmt":"2025-01-02T08:19:23","slug":"ibaneis-vai-administrar-um-orcamento-de-666-bilhoes-este-ano","status":"publish","type":"post","link":"https:\/\/www.notibras.com\/site\/ibaneis-vai-administrar-um-orcamento-de-666-bilhoes-este-ano\/","title":{"rendered":"Ibaneis vai administrar um or\u00e7amento de 66,6 bilh\u00f5es este ano"},"content":{"rendered":"<p>O governador do Distrito Federal, Ibaneis Rocha, sancionou a Lei Or\u00e7ament\u00e1ria Anual (LOA) de 2025, que estima a receita e fixa o valor da despesa ao longo do ano. A medida est\u00e1 no Di\u00e1rio Oficial do Distrito Federal.<\/p>\n<p>O valor total ser\u00e1 de R$ 66,6 bilh\u00f5es, com R$ 41,6 bilh\u00f5es de receitas pr\u00f3prias. O montante \u00e9 acrescido dos R$ 25 bilh\u00f5es origin\u00e1rios do Fundo Constitucional do DF (FCDF).<\/p>\n<p>O or\u00e7amento total estimado supera o de 2024 em R$ 5,5 bilh\u00f5es, o equivalente a um incremento de 9%.\u00a0A receita pr\u00f3pria do DF foi dividida em tr\u00eas esferas: fiscal (R$ 30,6 bilh\u00f5es), seguridade social (R$ 9,3 bilh\u00f5es) e investimento das empresas estatais (R$ 1,7 bilh\u00e3o), totalizando R$ 41,6 bilh\u00f5es.<\/p>\n<p>J\u00e1 o repasse do Fundo Constitucional do DF tem destino certo. Os R$ 25 bilh\u00f5es ser\u00e3o repartidos para o custeio, pagamento da folha e investimentos de tr\u00eas \u00e1reas: seguran\u00e7a p\u00fablica (R$ 11,4 bi), sa\u00fade (R$ 8,1 bi) e educa\u00e7\u00e3o (R$ 5,4 bi).<\/p>\n<p>A pe\u00e7a or\u00e7ament\u00e1ria, segundo o secret\u00e1rio de Economia, Ney Ferraz, foi elaborada de forma participativa e \u00e9 fruto de debates com a sociedade e os parlamentares. Embora, ressalte ele, sempre tendo como meta final a busca pelo equil\u00edbrio fiscal.<\/p>\n<p>Mas tamb\u00e9m foi levada em conta, de forma especial, a efici\u00eancia na aloca\u00e7\u00e3o dos recursos. \u201cO or\u00e7amento reflete a orienta\u00e7\u00e3o do governador Ibaneis Rocha em atender \u00e0s demandas da popula\u00e7\u00e3o\u201d, diz.<\/p>\n","protected":false},"excerpt":{"rendered":"<p>O governador do Distrito Federal, Ibaneis Rocha, sancionou a Lei Or\u00e7ament\u00e1ria Anual (LOA) de 2025, que estima a receita e fixa o valor da despesa ao longo do ano. A medida est\u00e1 no Di\u00e1rio Oficial do Distrito Federal. O valor total ser\u00e1 de R$ 66,6 bilh\u00f5es, com R$ 41,6 bilh\u00f5es de receitas pr\u00f3prias. O montante [&hellip;]<\/p>\n","protected":false},"author":2,"featured_media":290509,"comment_status":"closed","ping_status":"closed","sticky":false,"template":"","format":"standard","meta":{"_acf_changed":false,"footnotes":""},"categories":[161],"tags":[],"class_list":["post-344543","post","type-post","status-publish","format-standard","has-post-thumbnail","hentry","category-quadradinho-em-foco"],"acf":[],"_links":{"self":[{"href":"https:\/\/www.notibras.com\/site\/wp-json\/wp\/v2\/posts\/344543","targetHints":{"allow":["GET"]}}],"collection":[{"href":"https:\/\/www.notibras.com\/site\/wp-json\/wp\/v2\/posts"}],"about":[{"href":"https:\/\/www.notibras.com\/site\/wp-json\/wp\/v2\/types\/post"}],"author":[{"embeddable":true,"href":"https:\/\/www.notibras.com\/site\/wp-json\/wp\/v2\/users\/2"}],"replies":[{"embeddable":true,"href":"https:\/\/www.notibras.com\/site\/wp-json\/wp\/v2\/comments?post=344543"}],"version-history":[{"count":1,"href":"https:\/\/www.notibras.com\/site\/wp-json\/wp\/v2\/posts\/344543\/revisions"}],"predecessor-version":[{"id":344544,"href":"https:\/\/www.notibras.com\/site\/wp-json\/wp\/v2\/posts\/344543\/revisions\/344544"}],"wp:featuredmedia":[{"embeddable":true,"href":"https:\/\/www.notibras.com\/site\/wp-json\/wp\/v2\/media\/290509"}],"wp:attachment":[{"href":"https:\/\/www.notibras.com\/site\/wp-json\/wp\/v2\/media?parent=344543"}],"wp:term":[{"taxonomy":"category","embeddable":true,"href":"https:\/\/www.notibras.com\/site\/wp-json\/wp\/v2\/categories?post=344543"},{"taxonomy":"post_tag","embeddable":true,"href":"https:\/\/www.notibras.com\/site\/wp-json\/wp\/v2\/tags?post=344543"}],"curies":[{"name":"wp","href":"https:\/\/api.w.org\/{rel}","templated":true}]}}