{"id":344598,"date":"2025-01-03T00:18:33","date_gmt":"2025-01-03T03:18:33","guid":{"rendered":"https:\/\/www.notibras.com\/site\/?p=344598"},"modified":"2025-01-03T04:23:03","modified_gmt":"2025-01-03T07:23:03","slug":"usuarios-de-natal-recife-e-salvador-comecam-o-ano-com-passagens-mais-caras","status":"publish","type":"post","link":"https:\/\/www.notibras.com\/site\/usuarios-de-natal-recife-e-salvador-comecam-o-ano-com-passagens-mais-caras\/","title":{"rendered":"Usu\u00e1rios de Natal, Recife e Salvador come\u00e7am o ano com passagens mais caras"},"content":{"rendered":"<p>Os usu\u00e1rios de transportes p\u00fablicos de tr\u00eas capitais nordestinas (Natal, Recife e Salvador) come\u00e7aram o ano pagando mais caro pelo pre\u00e7o da passagem em \u00f4nibus, metr\u00f4 e trens.<\/p>\n<p>Em Natal, desde domingo (29), a tarifa de \u00f4nibus custa R$ 4,90. O reajuste do valor foi aprovado pelo Conselho Municipal de Transporte e Mobilidade Urbana (CMTMU) tr\u00eas dias antes. Para as linhas de bairro, o pre\u00e7o inteiro do bilhete ficou em R$ 4,30.<\/p>\n<p>Em nota, o conselho afirmou que para a recomposi\u00e7\u00e3o de 8,88% na tarifa, levou em considera\u00e7\u00e3o todos os insumos que comp\u00f5em a planilha tarif\u00e1ria do Sistema de Transporte P\u00fablico de Passageiros, como o pre\u00e7o do \u00f3leo diesel, pneu, lubrificante, sal\u00e1rio dos motoristas, entre outros itens.<\/p>\n<p><strong>Recife<\/strong><br \/>\nJ\u00e1 as passagens de \u00f4nibus no Grande Recife ser\u00e3o reajustadas no domingo (5). O Conselho Superior de Transporte Metropolitano (CSTM) aprovou, na segunda-feira (30), a proposta do governo de Pernambuco de reajuste de 4,29% na tarifa dos \u00f4nibus da regi\u00e3o metropolitana da capital pernambucana no chamado Anel A, usado por mais de 80% dos passageiros.<\/p>\n<p>O percentual de reajuste anunciado foi o menor entre as capitais que aumentaram as tarifas do transporte p\u00fablico entre o fim de 2024 e o in\u00edcio deste ano novo.<\/p>\n<p>Com a decis\u00e3o, a tarifa do transporte do Anel A aumenta de R$ 4,10 para R$ 4,28 (podendo ser arredondada para R$ 4,30). Desde 2022, os valores das passagens n\u00e3o eram reajustados.<\/p>\n<p><strong>Salvador<\/strong><br \/>\nA partir do s\u00e1bado (4), a tarifa do transporte p\u00fablico de Salvador aumentar\u00e1 R$ 0,40 \u2013 alta de 7,69% \u2013 e a passagem subir\u00e1 de R$ 5,20 para R$ 5,60 para \u00f4nibus comum, para \u00f4nibus do Subsistema Local Integrado de Transporte (SLIT), conhecido por amarelinho, e o BRT.<\/p>\n<p>O novo valor foi publicado em portaria da Ag\u00eancia Reguladora e Fiscalizadora dos Servi\u00e7os P\u00fablicos de Salvador (Arsal) no Di\u00e1rio Oficial do Munic\u00edpio, na quinta-feira (2).<\/p>\n<p>Em comunicado p\u00fablico, a prefeitura de Salvador justifica que o novo valor \u00e9 equivalente \u00e0 infla\u00e7\u00e3o acumulada desde o \u00faltimo reajuste, em novembro de 2023. \u201cO novo valor leva em considera\u00e7\u00e3o o resultado dos estudos t\u00e9cnicos da revis\u00e3o tarif\u00e1ria para o quadri\u00eanio 2023-2026, desenvolvidos pela Arsal.\u201d O poder p\u00fablico local afirma que a nova tarifa ser\u00e1 praticada ao longo de todo o ano de 2025<\/p>\n<p>Devido \u00e0 integra\u00e7\u00e3o no sistema de transportes, o passageiro que possuir o Salvador Card pode usar at\u00e9 tr\u00eas destes modais, e tamb\u00e9m o metr\u00f4, pagando apenas uma tarifa.<\/p>\n<p><strong>Aracaju<\/strong><br \/>\nEm Aracaju, a passagem de \u00f4nibus da Grande Aracaju foi reajustada em 11%, na quarta-feira, 2. mas a Lei 6.111\/24, sancionada no fim de dezembro, prorroga o subs\u00eddio do governo local para a tarifa do transporte coletivo e a gratuidade para pessoas com defici\u00eancia (PCD) e seus acompanhantes.<\/p>\n<p>Com isso, a tarifa foi mantida sem aumento aos usu\u00e1rios do sistema de transporte coletivo de Aracaju, Barra dos Coqueiros, Socorro e S\u00e3o Crist\u00f3v\u00e3o.<\/p>\n","protected":false},"excerpt":{"rendered":"<p>Os usu\u00e1rios de transportes p\u00fablicos de tr\u00eas capitais nordestinas (Natal, Recife e Salvador) come\u00e7aram o ano pagando mais caro pelo pre\u00e7o da passagem em \u00f4nibus, metr\u00f4 e trens. Em Natal, desde domingo (29), a tarifa de \u00f4nibus custa R$ 4,90. O reajuste do valor foi aprovado pelo Conselho Municipal de Transporte e Mobilidade Urbana (CMTMU) [&hellip;]<\/p>\n","protected":false},"author":2,"featured_media":344599,"comment_status":"closed","ping_status":"closed","sticky":false,"template":"","format":"standard","meta":{"_acf_changed":false,"footnotes":""},"categories":[165],"tags":[],"class_list":["post-344598","post","type-post","status-publish","format-standard","has-post-thumbnail","hentry","category-nordeste"],"acf":[],"_links":{"self":[{"href":"https:\/\/www.notibras.com\/site\/wp-json\/wp\/v2\/posts\/344598","targetHints":{"allow":["GET"]}}],"collection":[{"href":"https:\/\/www.notibras.com\/site\/wp-json\/wp\/v2\/posts"}],"about":[{"href":"https:\/\/www.notibras.com\/site\/wp-json\/wp\/v2\/types\/post"}],"author":[{"embeddable":true,"href":"https:\/\/www.notibras.com\/site\/wp-json\/wp\/v2\/users\/2"}],"replies":[{"embeddable":true,"href":"https:\/\/www.notibras.com\/site\/wp-json\/wp\/v2\/comments?post=344598"}],"version-history":[{"count":2,"href":"https:\/\/www.notibras.com\/site\/wp-json\/wp\/v2\/posts\/344598\/revisions"}],"predecessor-version":[{"id":344601,"href":"https:\/\/www.notibras.com\/site\/wp-json\/wp\/v2\/posts\/344598\/revisions\/344601"}],"wp:featuredmedia":[{"embeddable":true,"href":"https:\/\/www.notibras.com\/site\/wp-json\/wp\/v2\/media\/344599"}],"wp:attachment":[{"href":"https:\/\/www.notibras.com\/site\/wp-json\/wp\/v2\/media?parent=344598"}],"wp:term":[{"taxonomy":"category","embeddable":true,"href":"https:\/\/www.notibras.com\/site\/wp-json\/wp\/v2\/categories?post=344598"},{"taxonomy":"post_tag","embeddable":true,"href":"https:\/\/www.notibras.com\/site\/wp-json\/wp\/v2\/tags?post=344598"}],"curies":[{"name":"wp","href":"https:\/\/api.w.org\/{rel}","templated":true}]}}