{"id":344608,"date":"2025-01-03T00:00:43","date_gmt":"2025-01-03T03:00:43","guid":{"rendered":"https:\/\/www.notibras.com\/site\/?p=344608"},"modified":"2025-01-03T04:45:18","modified_gmt":"2025-01-03T07:45:18","slug":"pagamento-do-bolsa-familia-comeca-no-proximo-dia-20","status":"publish","type":"post","link":"https:\/\/www.notibras.com\/site\/pagamento-do-bolsa-familia-comeca-no-proximo-dia-20\/","title":{"rendered":"Pagamento do Bolsa Fam\u00edlia come\u00e7a no pr\u00f3ximo dia 20"},"content":{"rendered":"<p>Come\u00e7a no pr\u00f3ximo dia 20 o pagamento do Bolsa Fam\u00edlia aos cerca de 21 milh\u00f5es de benefici\u00e1rios do programa. Os dep\u00f3sitos ocorrem sempre nos \u00faltimos dez dias \u00fateis de cada m\u00eas, de forma escalonada conforme o d\u00edgito final do N\u00famero de Inscri\u00e7\u00e3o Social (NIS), exceto em dezembro, quando o cronograma \u00e9 antecipado em cerca de uma semana para n\u00e3o coincidir com o feriado do Natal.<\/p>\n<p>Para evitar a perda do benef\u00edcio, o governo recomenda que cada benefici\u00e1rio atualize os dados no Cadastro \u00danico para Programas Sociais do Governo Federal (Cad\u00danico) a cada 24 meses. Ap\u00f3s a aprova\u00e7\u00e3o do pacote de corte de gastos, o processo exigir\u00e1 biometria.<\/p>\n<p>A atualiza\u00e7\u00e3o dos dados exige que a pessoa respons\u00e1vel pela fam\u00edlia v\u00e1 a um posto de atendimento socioassistencial, como o Centro de Refer\u00eancia de Assist\u00eancia Social (Cras), ou a um posto de atendimento do Cadastro \u00danico. Al\u00e9m de apresentar os documentos de cada membro da fam\u00edlia, o benefici\u00e1rio dever\u00e1 comprovar a renda domiciliar.<\/p>\n<p><strong>Regra<\/strong><br \/>\nO Bolsa Fam\u00edlia \u00e9 pago a quem tem renda de, no m\u00e1ximo, R$ 218 mensais para cada integrante da fam\u00edlia que vive na mesma casa, al\u00e9m de estar inscrito no Cad\u00danico. O cadastramento \u00e9 feito em postos de atendimento da assist\u00eancia social dos munic\u00edpios.<\/p>\n<p>Ao recriar o Bolsa Fam\u00edlia, em mar\u00e7o de 2023, o Governo Federal passou a garantir o repasse m\u00ednimo de R$ 600 por fam\u00edlia inscrita, com adicionais conforme a composi\u00e7\u00e3o da fam\u00edlia. Os pagamentos s\u00e3o feitos pelo aplicativo Caixa Tem ou podem ser sacados em caixas eletr\u00f4nicos por quem tem o cart\u00e3o do programa social.<\/p>\n<p>O Benef\u00edcio Vari\u00e1vel Familiar Nutriz paga seis parcelas de R$ 50 a m\u00e3es de beb\u00eas de at\u00e9 seis meses de idade, para garantir a alimenta\u00e7\u00e3o da crian\u00e7a.<\/p>\n<p>O Bolsa Fam\u00edlia tamb\u00e9m paga um acr\u00e9scimo de R$ 50 a fam\u00edlias com gestantes e filhos de 7 a 18 anos e outro, de R$ 150, a fam\u00edlias com crian\u00e7as de at\u00e9 6 anos.<\/p>\n","protected":false},"excerpt":{"rendered":"<p>Come\u00e7a no pr\u00f3ximo dia 20 o pagamento do Bolsa Fam\u00edlia aos cerca de 21 milh\u00f5es de benefici\u00e1rios do programa. Os dep\u00f3sitos ocorrem sempre nos \u00faltimos dez dias \u00fateis de cada m\u00eas, de forma escalonada conforme o d\u00edgito final do N\u00famero de Inscri\u00e7\u00e3o Social (NIS), exceto em dezembro, quando o cronograma \u00e9 antecipado em cerca de [&hellip;]<\/p>\n","protected":false},"author":2,"featured_media":344609,"comment_status":"closed","ping_status":"closed","sticky":false,"template":"","format":"standard","meta":{"_acf_changed":false,"footnotes":""},"categories":[165],"tags":[],"class_list":["post-344608","post","type-post","status-publish","format-standard","has-post-thumbnail","hentry","category-nordeste"],"acf":[],"_links":{"self":[{"href":"https:\/\/www.notibras.com\/site\/wp-json\/wp\/v2\/posts\/344608","targetHints":{"allow":["GET"]}}],"collection":[{"href":"https:\/\/www.notibras.com\/site\/wp-json\/wp\/v2\/posts"}],"about":[{"href":"https:\/\/www.notibras.com\/site\/wp-json\/wp\/v2\/types\/post"}],"author":[{"embeddable":true,"href":"https:\/\/www.notibras.com\/site\/wp-json\/wp\/v2\/users\/2"}],"replies":[{"embeddable":true,"href":"https:\/\/www.notibras.com\/site\/wp-json\/wp\/v2\/comments?post=344608"}],"version-history":[{"count":1,"href":"https:\/\/www.notibras.com\/site\/wp-json\/wp\/v2\/posts\/344608\/revisions"}],"predecessor-version":[{"id":344610,"href":"https:\/\/www.notibras.com\/site\/wp-json\/wp\/v2\/posts\/344608\/revisions\/344610"}],"wp:featuredmedia":[{"embeddable":true,"href":"https:\/\/www.notibras.com\/site\/wp-json\/wp\/v2\/media\/344609"}],"wp:attachment":[{"href":"https:\/\/www.notibras.com\/site\/wp-json\/wp\/v2\/media?parent=344608"}],"wp:term":[{"taxonomy":"category","embeddable":true,"href":"https:\/\/www.notibras.com\/site\/wp-json\/wp\/v2\/categories?post=344608"},{"taxonomy":"post_tag","embeddable":true,"href":"https:\/\/www.notibras.com\/site\/wp-json\/wp\/v2\/tags?post=344608"}],"curies":[{"name":"wp","href":"https:\/\/api.w.org\/{rel}","templated":true}]}}