{"id":344611,"date":"2025-01-03T00:00:25","date_gmt":"2025-01-03T03:00:25","guid":{"rendered":"https:\/\/www.notibras.com\/site\/?p=344611"},"modified":"2025-01-03T04:56:10","modified_gmt":"2025-01-03T07:56:10","slug":"policia-apreende-adolescente-envolvido-em-morte-de-turista","status":"publish","type":"post","link":"https:\/\/www.notibras.com\/site\/policia-apreende-adolescente-envolvido-em-morte-de-turista\/","title":{"rendered":"Pol\u00edcia apreende adolescente envolvido em morte de turista"},"content":{"rendered":"<p>A Pol\u00edcia Militar do Cear\u00e1 apreendeu um adolescente suspeito de envolvimento no assassinato do turista Henrique Marques de Jesus, de 16 anos. O jovem foi sequestrado por criminosos enquanto estava de f\u00e9rias com o pai na Vila de Jericoacoara, um dos destinos tur\u00edsticos mais famosos do litoral cearense.<\/p>\n<p>Segundo informa\u00e7\u00f5es preliminares, Henrique teria sido levado por criminosos em circunst\u00e2ncias ainda n\u00e3o totalmente esclarecidas. A opera\u00e7\u00e3o que levou \u00e0 apreens\u00e3o do suspeito foi conduzida pela Pol\u00edcia Militar com o apoio de investiga\u00e7\u00f5es da Pol\u00edcia Civil.<\/p>\n<p>As autoridades continuam as buscas por outros envolvidos no crime, enquanto a comunidade local se mostra chocada com o ocorrido. A Pol\u00edcia pede que qualquer informa\u00e7\u00e3o relevante seja comunicada para ajudar na elucida\u00e7\u00e3o do caso.<\/p>\n","protected":false},"excerpt":{"rendered":"<p>A Pol\u00edcia Militar do Cear\u00e1 apreendeu um adolescente suspeito de envolvimento no assassinato do turista Henrique Marques de Jesus, de 16 anos. O jovem foi sequestrado por criminosos enquanto estava de f\u00e9rias com o pai na Vila de Jericoacoara, um dos destinos tur\u00edsticos mais famosos do litoral cearense. Segundo informa\u00e7\u00f5es preliminares, Henrique teria sido levado [&hellip;]<\/p>\n","protected":false},"author":2,"featured_media":344612,"comment_status":"closed","ping_status":"closed","sticky":false,"template":"","format":"standard","meta":{"_acf_changed":false,"footnotes":""},"categories":[165],"tags":[],"class_list":["post-344611","post","type-post","status-publish","format-standard","has-post-thumbnail","hentry","category-nordeste"],"acf":[],"_links":{"self":[{"href":"https:\/\/www.notibras.com\/site\/wp-json\/wp\/v2\/posts\/344611","targetHints":{"allow":["GET"]}}],"collection":[{"href":"https:\/\/www.notibras.com\/site\/wp-json\/wp\/v2\/posts"}],"about":[{"href":"https:\/\/www.notibras.com\/site\/wp-json\/wp\/v2\/types\/post"}],"author":[{"embeddable":true,"href":"https:\/\/www.notibras.com\/site\/wp-json\/wp\/v2\/users\/2"}],"replies":[{"embeddable":true,"href":"https:\/\/www.notibras.com\/site\/wp-json\/wp\/v2\/comments?post=344611"}],"version-history":[{"count":1,"href":"https:\/\/www.notibras.com\/site\/wp-json\/wp\/v2\/posts\/344611\/revisions"}],"predecessor-version":[{"id":344613,"href":"https:\/\/www.notibras.com\/site\/wp-json\/wp\/v2\/posts\/344611\/revisions\/344613"}],"wp:featuredmedia":[{"embeddable":true,"href":"https:\/\/www.notibras.com\/site\/wp-json\/wp\/v2\/media\/344612"}],"wp:attachment":[{"href":"https:\/\/www.notibras.com\/site\/wp-json\/wp\/v2\/media?parent=344611"}],"wp:term":[{"taxonomy":"category","embeddable":true,"href":"https:\/\/www.notibras.com\/site\/wp-json\/wp\/v2\/categories?post=344611"},{"taxonomy":"post_tag","embeddable":true,"href":"https:\/\/www.notibras.com\/site\/wp-json\/wp\/v2\/tags?post=344611"}],"curies":[{"name":"wp","href":"https:\/\/api.w.org\/{rel}","templated":true}]}}